{"id":31838,"date":"2024-04-24T18:23:31","date_gmt":"2024-04-24T21:23:31","guid":{"rendered":"https:\/\/redebeneditina.org.br\/ispx\/?p=31838"},"modified":"2024-04-24T18:23:41","modified_gmt":"2024-04-24T21:23:41","slug":"pastoral-escolar-ispx","status":"publish","type":"post","link":"https:\/\/redebeneditina.org.br\/ispx\/pastoral-escolar-ispx\/","title":{"rendered":"Pastoral escolar ISPX"},"content":{"rendered":"<p>Na \u00faltima quinta-feira, no grupo de jovens da Pastoral Escolar, iniciamos o projeto: Santos de cal\u00e7a jeans. O projeto visa aproximar os alunos da vida e hist\u00f3ria dos santos e santas da nossa igreja, mostrando seus feitos e pequenos gestos de amor, aproximando nossos jovens da vida em santidade, sem deixar de ser jovem.<\/p>\n<p>Na primeira parte do projeto, partilhamos sobre nossos santos e de devo\u00e7\u00e3o, lemos sobre santos jovens e realizamos o jogos &#8220;que santo sou eu&#8221;. \ud83d\ude4f\ud83e\udd29<\/p>\n<p>Todas as quintas-feiras \ud83d\udcc5<br \/>\n\u00c0s 14h, dura\u00e7\u00e3o de 1h30 \u23f0<br \/>\nRespons\u00e1veis: Camila, Let\u00edcia, Maria Clara e Tiago \ud83e\udd1d\ud83c\udffc<\/p>\n<p>Para fazer parte basta procurar a equipe de Pastoral Escolar e trazer a autoriza\u00e7\u00e3o assinada pelo respons\u00e1vel.<\/p>\n<p>Participe e traga mais um amigo. \ud83e\udd29<\/p>\nngg_shortcode_0_placeholder\n","protected":false},"excerpt":{"rendered":"<p>Na \u00faltima quinta-feira, no grupo de jovens da Pastoral Escolar, iniciamos o projeto: Santos de cal\u00e7a jeans. O projeto visa aproximar os alunos da vida e hist\u00f3ria dos santos e santas da nossa igreja, mostrando seus feitos e pequenos gestos de amor, aproximando nossos jovens da vida em santidade, sem deixar de ser jovem. Na&#8230;<\/p>\n","protected":false},"author":2,"featured_media":31854,"comment_status":"closed","ping_status":"closed","sticky":false,"template":"","format":"standard","meta":{"_monsterinsights_skip_tracking":false,"_monsterinsights_sitenote_active":false,"_monsterinsights_sitenote_note":"","_monsterinsights_sitenote_category":0,"ngg_post_thumbnail":0,"footnotes":""},"categories":[110,89,90,91,82,96],"tags":[],"class_list":["post-31838","post","type-post","status-publish","format-standard","has-post-thumbnail","hentry","category-noticias2024","category-ens-fund_i","category-ens-fund_ii","category-ens-medio","category-noticias","category-pastoral-escolar"],"_links":{"self":[{"href":"https:\/\/redebeneditina.org.br\/ispx\/wp-json\/wp\/v2\/posts\/31838","targetHints":{"allow":["GET"]}}],"collection":[{"href":"https:\/\/redebeneditina.org.br\/ispx\/wp-json\/wp\/v2\/posts"}],"about":[{"href":"https:\/\/redebeneditina.org.br\/ispx\/wp-json\/wp\/v2\/types\/post"}],"author":[{"embeddable":true,"href":"https:\/\/redebeneditina.org.br\/ispx\/wp-json\/wp\/v2\/users\/2"}],"replies":[{"embeddable":true,"href":"https:\/\/redebeneditina.org.br\/ispx\/wp-json\/wp\/v2\/comments?post=31838"}],"version-history":[{"count":0,"href":"https:\/\/redebeneditina.org.br\/ispx\/wp-json\/wp\/v2\/posts\/31838\/revisions"}],"wp:featuredmedia":[{"embeddable":true,"href":"https:\/\/redebeneditina.org.br\/ispx\/wp-json\/wp\/v2\/media\/31854"}],"wp:attachment":[{"href":"https:\/\/redebeneditina.org.br\/ispx\/wp-json\/wp\/v2\/media?parent=31838"}],"wp:term":[{"taxonomy":"category","embeddable":true,"href":"https:\/\/redebeneditina.org.br\/ispx\/wp-json\/wp\/v2\/categories?post=31838"},{"taxonomy":"post_tag","embeddable":true,"href":"https:\/\/redebeneditina.org.br\/ispx\/wp-json\/wp\/v2\/tags?post=31838"}],"curies":[{"name":"wp","href":"https:\/\/api.w.org\/{rel}","templated":true}]}}