{"id":32179,"date":"2024-04-30T17:37:57","date_gmt":"2024-04-30T20:37:57","guid":{"rendered":"https:\/\/redebeneditina.org.br\/ispx\/?p=32179"},"modified":"2024-05-02T17:38:50","modified_gmt":"2024-05-02T20:38:50","slug":"educacao-financeira-palestra","status":"publish","type":"post","link":"https:\/\/redebeneditina.org.br\/ispx\/educacao-financeira-palestra\/","title":{"rendered":"Educa\u00e7\u00e3o Financeira &#8211; palestra"},"content":{"rendered":"<p>No dia 26\/04\/2024 os alunos dos 6\u00bas ao 9\u00bas anos EF II tiveram uma palestra sobre Educa\u00e7\u00e3o Financeira, ministrada por Daniel Sanchez &#8211; T\u00e9cnico Cont\u00e1bil do ISPX e tamb\u00e9m Educador Financeiro.<\/p>\n<p>Com o objetivo de ensinar nossos alunos como lidar com as finan\u00e7as, foram abordados temas introdut\u00f3rios como or\u00e7amento pessoal, finalidade do dinheiro, endividamento e poupan\u00e7a. Vale ressaltar que no decorrer do ano, os professores dar\u00e3o continuidade nesse projeto, visando aprofundar os temas mais importantes ligados a Educa\u00e7\u00e3o Financeira. \ud83d\udcc8\ud83d\udcb8<\/p>\nngg_shortcode_0_placeholder\n","protected":false},"excerpt":{"rendered":"<p>No dia 26\/04\/2024 os alunos dos 6\u00bas ao 9\u00bas anos EF II tiveram uma palestra sobre Educa\u00e7\u00e3o Financeira, ministrada por Daniel Sanchez &#8211; T\u00e9cnico Cont\u00e1bil do ISPX e tamb\u00e9m Educador Financeiro. Com o objetivo de ensinar nossos alunos como lidar com as finan\u00e7as, foram abordados temas introdut\u00f3rios como or\u00e7amento pessoal, finalidade do dinheiro, endividamento e&#8230;<\/p>\n","protected":false},"author":2,"featured_media":32180,"comment_status":"closed","ping_status":"closed","sticky":false,"template":"","format":"standard","meta":{"_monsterinsights_skip_tracking":false,"_monsterinsights_sitenote_active":false,"_monsterinsights_sitenote_note":"","_monsterinsights_sitenote_category":0,"ngg_post_thumbnail":0,"footnotes":""},"categories":[110,90,82],"tags":[],"class_list":["post-32179","post","type-post","status-publish","format-standard","has-post-thumbnail","hentry","category-noticias2024","category-ens-fund_ii","category-noticias"],"_links":{"self":[{"href":"https:\/\/redebeneditina.org.br\/ispx\/wp-json\/wp\/v2\/posts\/32179","targetHints":{"allow":["GET"]}}],"collection":[{"href":"https:\/\/redebeneditina.org.br\/ispx\/wp-json\/wp\/v2\/posts"}],"about":[{"href":"https:\/\/redebeneditina.org.br\/ispx\/wp-json\/wp\/v2\/types\/post"}],"author":[{"embeddable":true,"href":"https:\/\/redebeneditina.org.br\/ispx\/wp-json\/wp\/v2\/users\/2"}],"replies":[{"embeddable":true,"href":"https:\/\/redebeneditina.org.br\/ispx\/wp-json\/wp\/v2\/comments?post=32179"}],"version-history":[{"count":0,"href":"https:\/\/redebeneditina.org.br\/ispx\/wp-json\/wp\/v2\/posts\/32179\/revisions"}],"wp:featuredmedia":[{"embeddable":true,"href":"https:\/\/redebeneditina.org.br\/ispx\/wp-json\/wp\/v2\/media\/32180"}],"wp:attachment":[{"href":"https:\/\/redebeneditina.org.br\/ispx\/wp-json\/wp\/v2\/media?parent=32179"}],"wp:term":[{"taxonomy":"category","embeddable":true,"href":"https:\/\/redebeneditina.org.br\/ispx\/wp-json\/wp\/v2\/categories?post=32179"},{"taxonomy":"post_tag","embeddable":true,"href":"https:\/\/redebeneditina.org.br\/ispx\/wp-json\/wp\/v2\/tags?post=32179"}],"curies":[{"name":"wp","href":"https:\/\/api.w.org\/{rel}","templated":true}]}}