{"id":32486,"date":"2024-05-20T11:29:16","date_gmt":"2024-05-20T14:29:16","guid":{"rendered":"https:\/\/redebeneditina.org.br\/ispx\/?p=32486"},"modified":"2024-05-20T11:29:16","modified_gmt":"2024-05-20T14:29:16","slug":"fazenda-do-cafe-8o-ano-ef","status":"publish","type":"post","link":"https:\/\/redebeneditina.org.br\/ispx\/fazenda-do-cafe-8o-ano-ef\/","title":{"rendered":"Fazenda do caf\u00e9 &#8211; 8\u00ba ano EF"},"content":{"rendered":"<p>No dia 10\/05 sexta feira os alunos do 8\u00b0ano do Ensino Fundamental I visitaram a Fazenda Nossa Senhora da Concei\u00e7\u00e3o &#8211; Fazenda do caf\u00e9.<\/p>\n<p>Nesta sa\u00edda pedag\u00f3gica foi resgatado a hist\u00f3ria da escravid\u00e3o e econ\u00f4mica do nosso pa\u00eds, uma fazenda hist\u00f3rica dos bar\u00f5es de caf\u00e9, desde 1810. \u2615\u2615<\/p>\n<p>Os alunos conheceram toda a fazenda enquanto era ensinado a hist\u00f3ria da \u00e9poca da cafeicultura brasileira, principal atividade econ\u00f4mica entre os anos de 1800 a 1930.<\/p>\n<p>Gostar\u00edamos de agradecer a @fazenda_conceicao por este dia t\u00e3o valioso e educativo para os nossos alunos!<\/p>\nngg_shortcode_0_placeholder\n","protected":false},"excerpt":{"rendered":"<p>No dia 10\/05 sexta feira os alunos do 8\u00b0ano do Ensino Fundamental I visitaram a Fazenda Nossa Senhora da Concei\u00e7\u00e3o &#8211; Fazenda do caf\u00e9. Nesta sa\u00edda pedag\u00f3gica foi resgatado a hist\u00f3ria da escravid\u00e3o e econ\u00f4mica do nosso pa\u00eds, uma fazenda hist\u00f3rica dos bar\u00f5es de caf\u00e9, desde 1810. \u2615\u2615 Os alunos conheceram toda a fazenda enquanto&#8230;<\/p>\n","protected":false},"author":2,"featured_media":32496,"comment_status":"closed","ping_status":"closed","sticky":false,"template":"","format":"standard","meta":{"_monsterinsights_skip_tracking":false,"_monsterinsights_sitenote_active":false,"_monsterinsights_sitenote_note":"","_monsterinsights_sitenote_category":0,"ngg_post_thumbnail":0,"footnotes":""},"categories":[110,90,82],"tags":[],"class_list":["post-32486","post","type-post","status-publish","format-standard","has-post-thumbnail","hentry","category-noticias2024","category-ens-fund_ii","category-noticias"],"_links":{"self":[{"href":"https:\/\/redebeneditina.org.br\/ispx\/wp-json\/wp\/v2\/posts\/32486","targetHints":{"allow":["GET"]}}],"collection":[{"href":"https:\/\/redebeneditina.org.br\/ispx\/wp-json\/wp\/v2\/posts"}],"about":[{"href":"https:\/\/redebeneditina.org.br\/ispx\/wp-json\/wp\/v2\/types\/post"}],"author":[{"embeddable":true,"href":"https:\/\/redebeneditina.org.br\/ispx\/wp-json\/wp\/v2\/users\/2"}],"replies":[{"embeddable":true,"href":"https:\/\/redebeneditina.org.br\/ispx\/wp-json\/wp\/v2\/comments?post=32486"}],"version-history":[{"count":0,"href":"https:\/\/redebeneditina.org.br\/ispx\/wp-json\/wp\/v2\/posts\/32486\/revisions"}],"wp:featuredmedia":[{"embeddable":true,"href":"https:\/\/redebeneditina.org.br\/ispx\/wp-json\/wp\/v2\/media\/32496"}],"wp:attachment":[{"href":"https:\/\/redebeneditina.org.br\/ispx\/wp-json\/wp\/v2\/media?parent=32486"}],"wp:term":[{"taxonomy":"category","embeddable":true,"href":"https:\/\/redebeneditina.org.br\/ispx\/wp-json\/wp\/v2\/categories?post=32486"},{"taxonomy":"post_tag","embeddable":true,"href":"https:\/\/redebeneditina.org.br\/ispx\/wp-json\/wp\/v2\/tags?post=32486"}],"curies":[{"name":"wp","href":"https:\/\/api.w.org\/{rel}","templated":true}]}}