{"id":32522,"date":"2024-05-22T09:16:10","date_gmt":"2024-05-22T12:16:10","guid":{"rendered":"https:\/\/redebeneditina.org.br\/ispx\/?p=32522"},"modified":"2024-05-22T09:16:42","modified_gmt":"2024-05-22T12:16:42","slug":"visita-pedagogica-a-mesquita-brasil","status":"publish","type":"post","link":"https:\/\/redebeneditina.org.br\/ispx\/visita-pedagogica-a-mesquita-brasil\/","title":{"rendered":"Visita pedag\u00f3gica \u00e0 Mesquita Brasil"},"content":{"rendered":"<p>No dia 14\/05, ter\u00e7a-feira, os alunos dos 9\u00ba anos e da 1\u00aa s\u00e9rie do Ensino M\u00e9dio realizaram uma visita pedag\u00f3gica \u00e0 Mesquita Brasil.<\/p>\n<p>Aprenderam sobre a cultura isl\u00e2mica, visitaram o templo, conversaram com um Sheik e vivenciaram algumas das tradi\u00e7\u00f5es como: o uso do v\u00e9u por parte das mulheres, as ora\u00e7\u00f5es di\u00e1rias e os costumes do povo mu\u00e7ulmano.<\/p>\n<p>Gostar\u00edamos de agradecer \u00e0 @mesquitabrasil por nos acompanhar nesta visita t\u00e3o enriquecedora e cheia de significados, onde os alunos puderam aprender sobre novas culturas e tradi\u00e7\u00f5es.<\/p>\n<p>\u00c9 muito importante que conhe\u00e7amos e respeitemos cada povo e sua cultura!<\/p>\nngg_shortcode_0_placeholder\n","protected":false},"excerpt":{"rendered":"<p>No dia 14\/05, ter\u00e7a-feira, os alunos dos 9\u00ba anos e da 1\u00aa s\u00e9rie do Ensino M\u00e9dio realizaram uma visita pedag\u00f3gica \u00e0 Mesquita Brasil. Aprenderam sobre a cultura isl\u00e2mica, visitaram o templo, conversaram com um Sheik e vivenciaram algumas das tradi\u00e7\u00f5es como: o uso do v\u00e9u por parte das mulheres, as ora\u00e7\u00f5es di\u00e1rias e os costumes&#8230;<\/p>\n","protected":false},"author":2,"featured_media":32535,"comment_status":"closed","ping_status":"closed","sticky":false,"template":"","format":"standard","meta":{"_monsterinsights_skip_tracking":false,"_monsterinsights_sitenote_active":false,"_monsterinsights_sitenote_note":"","_monsterinsights_sitenote_category":0,"ngg_post_thumbnail":0,"footnotes":""},"categories":[110,90,91,82],"tags":[],"class_list":["post-32522","post","type-post","status-publish","format-standard","has-post-thumbnail","hentry","category-noticias2024","category-ens-fund_ii","category-ens-medio","category-noticias"],"_links":{"self":[{"href":"https:\/\/redebeneditina.org.br\/ispx\/wp-json\/wp\/v2\/posts\/32522","targetHints":{"allow":["GET"]}}],"collection":[{"href":"https:\/\/redebeneditina.org.br\/ispx\/wp-json\/wp\/v2\/posts"}],"about":[{"href":"https:\/\/redebeneditina.org.br\/ispx\/wp-json\/wp\/v2\/types\/post"}],"author":[{"embeddable":true,"href":"https:\/\/redebeneditina.org.br\/ispx\/wp-json\/wp\/v2\/users\/2"}],"replies":[{"embeddable":true,"href":"https:\/\/redebeneditina.org.br\/ispx\/wp-json\/wp\/v2\/comments?post=32522"}],"version-history":[{"count":0,"href":"https:\/\/redebeneditina.org.br\/ispx\/wp-json\/wp\/v2\/posts\/32522\/revisions"}],"wp:featuredmedia":[{"embeddable":true,"href":"https:\/\/redebeneditina.org.br\/ispx\/wp-json\/wp\/v2\/media\/32535"}],"wp:attachment":[{"href":"https:\/\/redebeneditina.org.br\/ispx\/wp-json\/wp\/v2\/media?parent=32522"}],"wp:term":[{"taxonomy":"category","embeddable":true,"href":"https:\/\/redebeneditina.org.br\/ispx\/wp-json\/wp\/v2\/categories?post=32522"},{"taxonomy":"post_tag","embeddable":true,"href":"https:\/\/redebeneditina.org.br\/ispx\/wp-json\/wp\/v2\/tags?post=32522"}],"curies":[{"name":"wp","href":"https:\/\/api.w.org\/{rel}","templated":true}]}}