{"id":32651,"date":"2024-06-06T08:06:26","date_gmt":"2024-06-06T11:06:26","guid":{"rendered":"https:\/\/redebeneditina.org.br\/ispx\/?p=32651"},"modified":"2024-06-07T08:06:39","modified_gmt":"2024-06-07T11:06:39","slug":"obmep-2024","status":"publish","type":"post","link":"https:\/\/redebeneditina.org.br\/ispx\/obmep-2024\/","title":{"rendered":"OBMEP 2024"},"content":{"rendered":"<p>Nesta ter\u00e7a- feira, dia 04\/06, aconteceu em nossa escola a primeira fase da OBMEP 2024 (Olimp\u00edada Brasileira de Matem\u00e1tica das Escolas P\u00fablicas).<\/p>\n<p>\u00c9 um projeto nacional dirigido \u00e0s escolas p\u00fablicas e privadas brasileiras, realizado pelo Instituto de Matem\u00e1tica Pura e Aplicada &#8211; IMPA, com o apoio da Sociedade Brasileira de Matem\u00e1tica \u2013 SBM, e promovida com recursos do Minist\u00e9rio da Educa\u00e7\u00e3o &#8211; MEC e do Minist\u00e9rio da Ci\u00eancia, Tecnologia e Inova\u00e7\u00e3o &#8211; MCTI.<\/p>\n<p>Este projeto tem como objetivo promover, incentivar e estimular os jovens a desenvolverem seus conhecimentos em matem\u00e1tica e a avan\u00e7arem com suas habilidades l\u00f3gicas e matem\u00e1ticas.\ud83c\udfaf\ud83c\udfb2\ud83c\udfb2<\/p>\nngg_shortcode_0_placeholder\n","protected":false},"excerpt":{"rendered":"<p>Nesta ter\u00e7a- feira, dia 04\/06, aconteceu em nossa escola a primeira fase da OBMEP 2024 (Olimp\u00edada Brasileira de Matem\u00e1tica das Escolas P\u00fablicas). \u00c9 um projeto nacional dirigido \u00e0s escolas p\u00fablicas e privadas brasileiras, realizado pelo Instituto de Matem\u00e1tica Pura e Aplicada &#8211; IMPA, com o apoio da Sociedade Brasileira de Matem\u00e1tica \u2013 SBM, e promovida&#8230;<\/p>\n","protected":false},"author":2,"featured_media":32662,"comment_status":"closed","ping_status":"closed","sticky":false,"template":"","format":"standard","meta":{"_monsterinsights_skip_tracking":false,"_monsterinsights_sitenote_active":false,"_monsterinsights_sitenote_note":"","_monsterinsights_sitenote_category":0,"ngg_post_thumbnail":0,"footnotes":""},"categories":[110,89,90,91,82],"tags":[],"class_list":["post-32651","post","type-post","status-publish","format-standard","has-post-thumbnail","hentry","category-noticias2024","category-ens-fund_i","category-ens-fund_ii","category-ens-medio","category-noticias"],"_links":{"self":[{"href":"https:\/\/redebeneditina.org.br\/ispx\/wp-json\/wp\/v2\/posts\/32651","targetHints":{"allow":["GET"]}}],"collection":[{"href":"https:\/\/redebeneditina.org.br\/ispx\/wp-json\/wp\/v2\/posts"}],"about":[{"href":"https:\/\/redebeneditina.org.br\/ispx\/wp-json\/wp\/v2\/types\/post"}],"author":[{"embeddable":true,"href":"https:\/\/redebeneditina.org.br\/ispx\/wp-json\/wp\/v2\/users\/2"}],"replies":[{"embeddable":true,"href":"https:\/\/redebeneditina.org.br\/ispx\/wp-json\/wp\/v2\/comments?post=32651"}],"version-history":[{"count":0,"href":"https:\/\/redebeneditina.org.br\/ispx\/wp-json\/wp\/v2\/posts\/32651\/revisions"}],"wp:featuredmedia":[{"embeddable":true,"href":"https:\/\/redebeneditina.org.br\/ispx\/wp-json\/wp\/v2\/media\/32662"}],"wp:attachment":[{"href":"https:\/\/redebeneditina.org.br\/ispx\/wp-json\/wp\/v2\/media?parent=32651"}],"wp:term":[{"taxonomy":"category","embeddable":true,"href":"https:\/\/redebeneditina.org.br\/ispx\/wp-json\/wp\/v2\/categories?post=32651"},{"taxonomy":"post_tag","embeddable":true,"href":"https:\/\/redebeneditina.org.br\/ispx\/wp-json\/wp\/v2\/tags?post=32651"}],"curies":[{"name":"wp","href":"https:\/\/api.w.org\/{rel}","templated":true}]}}