{"id":32815,"date":"2024-06-12T11:02:18","date_gmt":"2024-06-12T14:02:18","guid":{"rendered":"https:\/\/redebeneditina.org.br\/ispx\/?p=32815"},"modified":"2024-06-12T14:07:30","modified_gmt":"2024-06-12T17:07:30","slug":"romaria-dos-175-anos-da-fundacao-da-congregacao-das-irmas-beneditinas-da-divina-providencia","status":"publish","type":"post","link":"https:\/\/redebeneditina.org.br\/ispx\/romaria-dos-175-anos-da-fundacao-da-congregacao-das-irmas-beneditinas-da-divina-providencia\/","title":{"rendered":"Romaria pelos 175 anos da Funda\u00e7\u00e3o da Congrega\u00e7\u00e3o das Irm\u00e3s Beneditinas da Divina Provid\u00eancia"},"content":{"rendered":"<p>Gostar\u00edamos de convidar a todos para a Romaria dos 175 anos da Funda\u00e7\u00e3o da Congrega\u00e7\u00e3o das Irm\u00e3s Beneditinas da Divina Provid\u00eancia, no Santu\u00e1rio Nacional de Nossa Senhora Aparecida, no dia 17\/08, missa das 10h30.\u2764\ufe0f\u2764\ufe0f\ud83d\ude4f\ud83d\ude4f<\/p>\n","protected":false},"excerpt":{"rendered":"<p>Gostar\u00edamos de convidar a todos para a Romaria dos 175 anos da Funda\u00e7\u00e3o da Congrega\u00e7\u00e3o das Irm\u00e3s Beneditinas da Divina Provid\u00eancia, no Santu\u00e1rio Nacional de Nossa Senhora Aparecida, no dia 17\/08, missa das 10h30.\u2764\ufe0f\u2764\ufe0f\ud83d\ude4f\ud83d\ude4f<\/p>\n","protected":false},"author":2,"featured_media":32816,"comment_status":"closed","ping_status":"closed","sticky":false,"template":"","format":"standard","meta":{"_monsterinsights_skip_tracking":false,"_monsterinsights_sitenote_active":false,"_monsterinsights_sitenote_note":"","_monsterinsights_sitenote_category":0,"ngg_post_thumbnail":0,"footnotes":""},"categories":[110,88,89,90,91,82],"tags":[],"class_list":["post-32815","post","type-post","status-publish","format-standard","has-post-thumbnail","hentry","category-noticias2024","category-ed-infantil","category-ens-fund_i","category-ens-fund_ii","category-ens-medio","category-noticias"],"_links":{"self":[{"href":"https:\/\/redebeneditina.org.br\/ispx\/wp-json\/wp\/v2\/posts\/32815","targetHints":{"allow":["GET"]}}],"collection":[{"href":"https:\/\/redebeneditina.org.br\/ispx\/wp-json\/wp\/v2\/posts"}],"about":[{"href":"https:\/\/redebeneditina.org.br\/ispx\/wp-json\/wp\/v2\/types\/post"}],"author":[{"embeddable":true,"href":"https:\/\/redebeneditina.org.br\/ispx\/wp-json\/wp\/v2\/users\/2"}],"replies":[{"embeddable":true,"href":"https:\/\/redebeneditina.org.br\/ispx\/wp-json\/wp\/v2\/comments?post=32815"}],"version-history":[{"count":0,"href":"https:\/\/redebeneditina.org.br\/ispx\/wp-json\/wp\/v2\/posts\/32815\/revisions"}],"wp:featuredmedia":[{"embeddable":true,"href":"https:\/\/redebeneditina.org.br\/ispx\/wp-json\/wp\/v2\/media\/32816"}],"wp:attachment":[{"href":"https:\/\/redebeneditina.org.br\/ispx\/wp-json\/wp\/v2\/media?parent=32815"}],"wp:term":[{"taxonomy":"category","embeddable":true,"href":"https:\/\/redebeneditina.org.br\/ispx\/wp-json\/wp\/v2\/categories?post=32815"},{"taxonomy":"post_tag","embeddable":true,"href":"https:\/\/redebeneditina.org.br\/ispx\/wp-json\/wp\/v2\/tags?post=32815"}],"curies":[{"name":"wp","href":"https:\/\/api.w.org\/{rel}","templated":true}]}}