{"id":32963,"date":"2024-08-09T15:26:00","date_gmt":"2024-08-09T18:26:00","guid":{"rendered":"https:\/\/redebeneditina.org.br\/ispx\/?p=32963"},"modified":"2024-08-13T15:27:11","modified_gmt":"2024-08-13T18:27:11","slug":"segunda-fase-da-olimpiada-de-portugues","status":"publish","type":"post","link":"https:\/\/redebeneditina.org.br\/ispx\/segunda-fase-da-olimpiada-de-portugues\/","title":{"rendered":"Segunda fase da Olimp\u00edada de Portugu\u00eas"},"content":{"rendered":"<p>Parab\u00e9ns a todos os alunos que avan\u00e7aram para a segunda fase da Olimp\u00edada de Portugu\u00eas! \ud83c\udf1f<\/p>\n<p>O esfor\u00e7o, a dedica\u00e7\u00e3o e a paix\u00e3o pela L\u00edngua Portuguesa levaram voc\u00eas at\u00e9 aqui, e agora \u00e9 hora de brilhar ainda mais. Continuem com essa energia e entusiasmo, e lembrem-se: cada desafio \u00e9 uma oportunidade para crescer!&nbsp;<\/p>\n<p>Confira as fotos no Instagram: <a href=\"https:\/\/www.instagram.com\/p\/C-bB8FyJZQk\/?img_index=1\">https:\/\/www.instagram.com\/p\/C-bB8FyJZQk\/?img_index=1<\/a><\/p>\n<p>&nbsp;<\/p>\n<p>&nbsp;<\/p>\n<p>&nbsp;<\/p>\n","protected":false},"excerpt":{"rendered":"<p>Parab\u00e9ns a todos os alunos que avan\u00e7aram para a segunda fase da Olimp\u00edada de Portugu\u00eas! \ud83c\udf1f O esfor\u00e7o, a dedica\u00e7\u00e3o e a paix\u00e3o pela L\u00edngua Portuguesa levaram voc\u00eas at\u00e9 aqui, e agora \u00e9 hora de brilhar ainda mais. Continuem com essa energia e entusiasmo, e lembrem-se: cada desafio \u00e9 uma oportunidade para crescer!&nbsp; Confira as&#8230;<\/p>\n","protected":false},"author":2,"featured_media":32964,"comment_status":"closed","ping_status":"closed","sticky":false,"template":"","format":"standard","meta":{"_monsterinsights_skip_tracking":false,"_monsterinsights_sitenote_active":false,"_monsterinsights_sitenote_note":"","_monsterinsights_sitenote_category":0,"ngg_post_thumbnail":0,"footnotes":""},"categories":[110,90,91,82],"tags":[],"class_list":["post-32963","post","type-post","status-publish","format-standard","has-post-thumbnail","hentry","category-noticias2024","category-ens-fund_ii","category-ens-medio","category-noticias"],"_links":{"self":[{"href":"https:\/\/redebeneditina.org.br\/ispx\/wp-json\/wp\/v2\/posts\/32963","targetHints":{"allow":["GET"]}}],"collection":[{"href":"https:\/\/redebeneditina.org.br\/ispx\/wp-json\/wp\/v2\/posts"}],"about":[{"href":"https:\/\/redebeneditina.org.br\/ispx\/wp-json\/wp\/v2\/types\/post"}],"author":[{"embeddable":true,"href":"https:\/\/redebeneditina.org.br\/ispx\/wp-json\/wp\/v2\/users\/2"}],"replies":[{"embeddable":true,"href":"https:\/\/redebeneditina.org.br\/ispx\/wp-json\/wp\/v2\/comments?post=32963"}],"version-history":[{"count":0,"href":"https:\/\/redebeneditina.org.br\/ispx\/wp-json\/wp\/v2\/posts\/32963\/revisions"}],"wp:featuredmedia":[{"embeddable":true,"href":"https:\/\/redebeneditina.org.br\/ispx\/wp-json\/wp\/v2\/media\/32964"}],"wp:attachment":[{"href":"https:\/\/redebeneditina.org.br\/ispx\/wp-json\/wp\/v2\/media?parent=32963"}],"wp:term":[{"taxonomy":"category","embeddable":true,"href":"https:\/\/redebeneditina.org.br\/ispx\/wp-json\/wp\/v2\/categories?post=32963"},{"taxonomy":"post_tag","embeddable":true,"href":"https:\/\/redebeneditina.org.br\/ispx\/wp-json\/wp\/v2\/tags?post=32963"}],"curies":[{"name":"wp","href":"https:\/\/api.w.org\/{rel}","templated":true}]}}