{"id":33174,"date":"2024-08-28T16:09:49","date_gmt":"2024-08-28T19:09:49","guid":{"rendered":"https:\/\/redebeneditina.org.br\/ispx\/?p=33174"},"modified":"2024-09-04T16:14:10","modified_gmt":"2024-09-04T19:14:10","slug":"abertura-da-olimpio-2024","status":"publish","type":"post","link":"https:\/\/redebeneditina.org.br\/ispx\/abertura-da-olimpio-2024\/","title":{"rendered":"Abertura da OlimPio 2024"},"content":{"rendered":"<p>O Lan\u00e7amento da Olimp\u00edada 2024 come\u00e7ou com o p\u00e9 direito!<\/p>\n<p>Foi muita energia, alegria e emo\u00e7\u00e3o!<\/p>\n<p>Os alunos mandaram super bem nas apresenta\u00e7\u00f5es e os jogos j\u00e1 come\u00e7aram a todo vapor!&nbsp;<\/p>\nngg_shortcode_0_placeholder\n","protected":false},"excerpt":{"rendered":"<p>O Lan\u00e7amento da Olimp\u00edada 2024 come\u00e7ou com o p\u00e9 direito! Foi muita energia, alegria e emo\u00e7\u00e3o! Os alunos mandaram super bem nas apresenta\u00e7\u00f5es e os jogos j\u00e1 come\u00e7aram a todo vapor!&nbsp; &nbsp;<\/p>\n","protected":false},"author":2,"featured_media":33189,"comment_status":"closed","ping_status":"closed","sticky":false,"template":"","format":"standard","meta":{"_monsterinsights_skip_tracking":false,"_monsterinsights_sitenote_active":false,"_monsterinsights_sitenote_note":"","_monsterinsights_sitenote_category":0,"ngg_post_thumbnail":0,"footnotes":""},"categories":[110,90,91,82],"tags":[],"class_list":["post-33174","post","type-post","status-publish","format-standard","has-post-thumbnail","hentry","category-noticias2024","category-ens-fund_ii","category-ens-medio","category-noticias"],"_links":{"self":[{"href":"https:\/\/redebeneditina.org.br\/ispx\/wp-json\/wp\/v2\/posts\/33174","targetHints":{"allow":["GET"]}}],"collection":[{"href":"https:\/\/redebeneditina.org.br\/ispx\/wp-json\/wp\/v2\/posts"}],"about":[{"href":"https:\/\/redebeneditina.org.br\/ispx\/wp-json\/wp\/v2\/types\/post"}],"author":[{"embeddable":true,"href":"https:\/\/redebeneditina.org.br\/ispx\/wp-json\/wp\/v2\/users\/2"}],"replies":[{"embeddable":true,"href":"https:\/\/redebeneditina.org.br\/ispx\/wp-json\/wp\/v2\/comments?post=33174"}],"version-history":[{"count":0,"href":"https:\/\/redebeneditina.org.br\/ispx\/wp-json\/wp\/v2\/posts\/33174\/revisions"}],"wp:featuredmedia":[{"embeddable":true,"href":"https:\/\/redebeneditina.org.br\/ispx\/wp-json\/wp\/v2\/media\/33189"}],"wp:attachment":[{"href":"https:\/\/redebeneditina.org.br\/ispx\/wp-json\/wp\/v2\/media?parent=33174"}],"wp:term":[{"taxonomy":"category","embeddable":true,"href":"https:\/\/redebeneditina.org.br\/ispx\/wp-json\/wp\/v2\/categories?post=33174"},{"taxonomy":"post_tag","embeddable":true,"href":"https:\/\/redebeneditina.org.br\/ispx\/wp-json\/wp\/v2\/tags?post=33174"}],"curies":[{"name":"wp","href":"https:\/\/api.w.org\/{rel}","templated":true}]}}