{"id":33224,"date":"2024-08-30T16:21:28","date_gmt":"2024-08-30T19:21:28","guid":{"rendered":"https:\/\/redebeneditina.org.br\/ispx\/?p=33224"},"modified":"2024-09-04T16:23:46","modified_gmt":"2024-09-04T19:23:46","slug":"medalhas-voleibol-olimpio2024","status":"publish","type":"post","link":"https:\/\/redebeneditina.org.br\/ispx\/medalhas-voleibol-olimpio2024\/","title":{"rendered":"Medalhas &#8211; Voleibol &#8211; OlimPio2024"},"content":{"rendered":"<p>Confira os vencedores do emocionante Jogo de Voleibol Misto, que reuniu o 8\u00b0 Ano ao Ensino M\u00e9dio na **OlimPio 2024**!&nbsp;<\/p>\n<p>Foram momentos intensos, onde o trabalho em equipe, a estrat\u00e9gia e a paix\u00e3o pelo esporte brilharam. As disputas foram acirradas, e as medalhas de ouro, prata e bronze foram conquistadas com muita garra e determina\u00e7\u00e3o.<\/p>\n<p>Parab\u00e9ns a todos os atletas que fizeram desse jogo um espet\u00e1culo de supera\u00e7\u00e3o e uni\u00e3o! Cada ponto foi uma vit\u00f3ria!&nbsp;<\/p>\nngg_shortcode_0_placeholder\n","protected":false},"excerpt":{"rendered":"<p>Confira os vencedores do emocionante Jogo de Voleibol Misto, que reuniu o 8\u00b0 Ano ao Ensino M\u00e9dio na **OlimPio 2024**!&nbsp; Foram momentos intensos, onde o trabalho em equipe, a estrat\u00e9gia e a paix\u00e3o pelo esporte brilharam. As disputas foram acirradas, e as medalhas de ouro, prata e bronze foram conquistadas com muita garra e determina\u00e7\u00e3o.&#8230;<\/p>\n","protected":false},"author":2,"featured_media":33230,"comment_status":"closed","ping_status":"closed","sticky":false,"template":"","format":"standard","meta":{"_monsterinsights_skip_tracking":false,"_monsterinsights_sitenote_active":false,"_monsterinsights_sitenote_note":"","_monsterinsights_sitenote_category":0,"ngg_post_thumbnail":0,"footnotes":""},"categories":[110,90,91,82],"tags":[],"class_list":["post-33224","post","type-post","status-publish","format-standard","has-post-thumbnail","hentry","category-noticias2024","category-ens-fund_ii","category-ens-medio","category-noticias"],"_links":{"self":[{"href":"https:\/\/redebeneditina.org.br\/ispx\/wp-json\/wp\/v2\/posts\/33224","targetHints":{"allow":["GET"]}}],"collection":[{"href":"https:\/\/redebeneditina.org.br\/ispx\/wp-json\/wp\/v2\/posts"}],"about":[{"href":"https:\/\/redebeneditina.org.br\/ispx\/wp-json\/wp\/v2\/types\/post"}],"author":[{"embeddable":true,"href":"https:\/\/redebeneditina.org.br\/ispx\/wp-json\/wp\/v2\/users\/2"}],"replies":[{"embeddable":true,"href":"https:\/\/redebeneditina.org.br\/ispx\/wp-json\/wp\/v2\/comments?post=33224"}],"version-history":[{"count":0,"href":"https:\/\/redebeneditina.org.br\/ispx\/wp-json\/wp\/v2\/posts\/33224\/revisions"}],"wp:featuredmedia":[{"embeddable":true,"href":"https:\/\/redebeneditina.org.br\/ispx\/wp-json\/wp\/v2\/media\/33230"}],"wp:attachment":[{"href":"https:\/\/redebeneditina.org.br\/ispx\/wp-json\/wp\/v2\/media?parent=33224"}],"wp:term":[{"taxonomy":"category","embeddable":true,"href":"https:\/\/redebeneditina.org.br\/ispx\/wp-json\/wp\/v2\/categories?post=33224"},{"taxonomy":"post_tag","embeddable":true,"href":"https:\/\/redebeneditina.org.br\/ispx\/wp-json\/wp\/v2\/tags?post=33224"}],"curies":[{"name":"wp","href":"https:\/\/api.w.org\/{rel}","templated":true}]}}