{"id":33232,"date":"2024-08-30T16:23:53","date_gmt":"2024-08-30T19:23:53","guid":{"rendered":"https:\/\/redebeneditina.org.br\/ispx\/?p=33232"},"modified":"2024-09-04T16:25:32","modified_gmt":"2024-09-04T19:25:32","slug":"medalhas-beisebol-olimpio-2024","status":"publish","type":"post","link":"https:\/\/redebeneditina.org.br\/ispx\/medalhas-beisebol-olimpio-2024\/","title":{"rendered":"Medalhas &#8211; Beisebol &#8211; OlimPio 2024"},"content":{"rendered":"<p>Conhe\u00e7a os vencedores do Jogo de Beisebol Misto do 6\u00ba Ano ao Ensino M\u00e9dio na **OlimPio 2024**!<\/p>\n<p>Foi um evento emocionante, repleto de habilidades impressionantes e trabalho em equipe. As partidas foram disputadas com muita energia e dedica\u00e7\u00e3o, e o esp\u00edrito esportivo esteve em alta.<\/p>\n<p>Parab\u00e9ns aos vencedores e a todos os participantes por fazerem dessa competi\u00e7\u00e3o um sucesso! &nbsp;Cada jogador deu o seu melhor e fez a diferen\u00e7a em campo!<\/p>\nngg_shortcode_0_placeholder\n","protected":false},"excerpt":{"rendered":"<p>Conhe\u00e7a os vencedores do Jogo de Beisebol Misto do 6\u00ba Ano ao Ensino M\u00e9dio na **OlimPio 2024**! Foi um evento emocionante, repleto de habilidades impressionantes e trabalho em equipe. As partidas foram disputadas com muita energia e dedica\u00e7\u00e3o, e o esp\u00edrito esportivo esteve em alta. Parab\u00e9ns aos vencedores e a todos os participantes por fazerem&#8230;<\/p>\n","protected":false},"author":2,"featured_media":33240,"comment_status":"closed","ping_status":"closed","sticky":false,"template":"","format":"standard","meta":{"_monsterinsights_skip_tracking":false,"_monsterinsights_sitenote_active":false,"_monsterinsights_sitenote_note":"","_monsterinsights_sitenote_category":0,"ngg_post_thumbnail":0,"footnotes":""},"categories":[110,90,91,82],"tags":[],"class_list":["post-33232","post","type-post","status-publish","format-standard","has-post-thumbnail","hentry","category-noticias2024","category-ens-fund_ii","category-ens-medio","category-noticias"],"_links":{"self":[{"href":"https:\/\/redebeneditina.org.br\/ispx\/wp-json\/wp\/v2\/posts\/33232","targetHints":{"allow":["GET"]}}],"collection":[{"href":"https:\/\/redebeneditina.org.br\/ispx\/wp-json\/wp\/v2\/posts"}],"about":[{"href":"https:\/\/redebeneditina.org.br\/ispx\/wp-json\/wp\/v2\/types\/post"}],"author":[{"embeddable":true,"href":"https:\/\/redebeneditina.org.br\/ispx\/wp-json\/wp\/v2\/users\/2"}],"replies":[{"embeddable":true,"href":"https:\/\/redebeneditina.org.br\/ispx\/wp-json\/wp\/v2\/comments?post=33232"}],"version-history":[{"count":0,"href":"https:\/\/redebeneditina.org.br\/ispx\/wp-json\/wp\/v2\/posts\/33232\/revisions"}],"wp:featuredmedia":[{"embeddable":true,"href":"https:\/\/redebeneditina.org.br\/ispx\/wp-json\/wp\/v2\/media\/33240"}],"wp:attachment":[{"href":"https:\/\/redebeneditina.org.br\/ispx\/wp-json\/wp\/v2\/media?parent=33232"}],"wp:term":[{"taxonomy":"category","embeddable":true,"href":"https:\/\/redebeneditina.org.br\/ispx\/wp-json\/wp\/v2\/categories?post=33232"},{"taxonomy":"post_tag","embeddable":true,"href":"https:\/\/redebeneditina.org.br\/ispx\/wp-json\/wp\/v2\/tags?post=33232"}],"curies":[{"name":"wp","href":"https:\/\/api.w.org\/{rel}","templated":true}]}}