{"id":33242,"date":"2024-08-30T16:25:57","date_gmt":"2024-08-30T19:25:57","guid":{"rendered":"https:\/\/redebeneditina.org.br\/ispx\/?p=33242"},"modified":"2024-09-04T16:27:54","modified_gmt":"2024-09-04T19:27:54","slug":"medalhas-salto-em-altura-olimpio-2024","status":"publish","type":"post","link":"https:\/\/redebeneditina.org.br\/ispx\/medalhas-salto-em-altura-olimpio-2024\/","title":{"rendered":"Medalhas &#8211; Salto em Altura &#8211; OlimPio 2024"},"content":{"rendered":"<p>Conhe\u00e7a os vencedores da prova de Salto em Altura do 6\u00ba Ano ao Ensino M\u00e9dio **OlimPio 2024**!<\/p>\n<p>Foi uma competi\u00e7\u00e3o emocionante, marcada por momentos de grande supera\u00e7\u00e3o e t\u00e9cnica. As disputas pelas medalhas de ouro, prata e bronze &nbsp;foram intensas, e nossos atletas brilharam a cada salto.<\/p>\n<p>Parab\u00e9ns a todos os vencedores que transformaram essa competi\u00e7\u00e3o em um verdadeiro espet\u00e1culo de habilidade e determina\u00e7\u00e3o! &nbsp;Cada conquista \u00e9 um reflexo do esfor\u00e7o e dedica\u00e7\u00e3o de cada um!<\/p>\nngg_shortcode_0_placeholder\n","protected":false},"excerpt":{"rendered":"<p>Conhe\u00e7a os vencedores da prova de Salto em Altura do 6\u00ba Ano ao Ensino M\u00e9dio **OlimPio 2024**! Foi uma competi\u00e7\u00e3o emocionante, marcada por momentos de grande supera\u00e7\u00e3o e t\u00e9cnica. As disputas pelas medalhas de ouro, prata e bronze &nbsp;foram intensas, e nossos atletas brilharam a cada salto. Parab\u00e9ns a todos os vencedores que transformaram essa&#8230;<\/p>\n","protected":false},"author":2,"featured_media":33254,"comment_status":"closed","ping_status":"closed","sticky":false,"template":"","format":"standard","meta":{"_monsterinsights_skip_tracking":false,"_monsterinsights_sitenote_active":false,"_monsterinsights_sitenote_note":"","_monsterinsights_sitenote_category":0,"ngg_post_thumbnail":0,"footnotes":""},"categories":[110,90,91,82],"tags":[],"class_list":["post-33242","post","type-post","status-publish","format-standard","has-post-thumbnail","hentry","category-noticias2024","category-ens-fund_ii","category-ens-medio","category-noticias"],"_links":{"self":[{"href":"https:\/\/redebeneditina.org.br\/ispx\/wp-json\/wp\/v2\/posts\/33242","targetHints":{"allow":["GET"]}}],"collection":[{"href":"https:\/\/redebeneditina.org.br\/ispx\/wp-json\/wp\/v2\/posts"}],"about":[{"href":"https:\/\/redebeneditina.org.br\/ispx\/wp-json\/wp\/v2\/types\/post"}],"author":[{"embeddable":true,"href":"https:\/\/redebeneditina.org.br\/ispx\/wp-json\/wp\/v2\/users\/2"}],"replies":[{"embeddable":true,"href":"https:\/\/redebeneditina.org.br\/ispx\/wp-json\/wp\/v2\/comments?post=33242"}],"version-history":[{"count":0,"href":"https:\/\/redebeneditina.org.br\/ispx\/wp-json\/wp\/v2\/posts\/33242\/revisions"}],"wp:featuredmedia":[{"embeddable":true,"href":"https:\/\/redebeneditina.org.br\/ispx\/wp-json\/wp\/v2\/media\/33254"}],"wp:attachment":[{"href":"https:\/\/redebeneditina.org.br\/ispx\/wp-json\/wp\/v2\/media?parent=33242"}],"wp:term":[{"taxonomy":"category","embeddable":true,"href":"https:\/\/redebeneditina.org.br\/ispx\/wp-json\/wp\/v2\/categories?post=33242"},{"taxonomy":"post_tag","embeddable":true,"href":"https:\/\/redebeneditina.org.br\/ispx\/wp-json\/wp\/v2\/tags?post=33242"}],"curies":[{"name":"wp","href":"https:\/\/api.w.org\/{rel}","templated":true}]}}