{"id":33256,"date":"2024-08-31T16:29:59","date_gmt":"2024-08-31T19:29:59","guid":{"rendered":"https:\/\/redebeneditina.org.br\/ispx\/?p=33256"},"modified":"2024-09-04T16:31:44","modified_gmt":"2024-09-04T19:31:44","slug":"vencedores-encerramento-da-olimpio-2024","status":"publish","type":"post","link":"https:\/\/redebeneditina.org.br\/ispx\/vencedores-encerramento-da-olimpio-2024\/","title":{"rendered":"Vencedores -Encerramento da OlimPio 2024"},"content":{"rendered":"<p>Finalizamos com sucesso a nossa OlimPio 2024!<\/p>\n<p>Quanta emo\u00e7\u00e3o e habilidade vivenciadas nesta semana de jogos intensos. Todos os times deram o seu melhor, e agora, com orgulho, apresentamos o p\u00f3dio:<\/p>\n<p>1\u00ba lugar: Amarelo \ud83d\udc9b<br \/>\n2\u00ba lugar: Vermelho \u2764\ufe0f<br \/>\n3\u00ba lugar: Verde \ud83d\udc9a<\/p>\n<p>Tamb\u00e9m tivemos a premia\u00e7\u00e3o dos alunos do 6\u00ba ano, que confeccionaram os lindos desenhos das bandeiras dos times!&nbsp;<\/p>\n<p>Agradecemos a todos os participantes por sua dedica\u00e7\u00e3o e esp\u00edrito esportivo. Voc\u00eas fizeram deste evento algo inesquec\u00edvel!<\/p>\nngg_shortcode_0_placeholder\n","protected":false},"excerpt":{"rendered":"<p>Finalizamos com sucesso a nossa OlimPio 2024! Quanta emo\u00e7\u00e3o e habilidade vivenciadas nesta semana de jogos intensos. Todos os times deram o seu melhor, e agora, com orgulho, apresentamos o p\u00f3dio: 1\u00ba lugar: Amarelo \ud83d\udc9b 2\u00ba lugar: Vermelho \u2764\ufe0f 3\u00ba lugar: Verde \ud83d\udc9a Tamb\u00e9m tivemos a premia\u00e7\u00e3o dos alunos do 6\u00ba ano, que confeccionaram os&#8230;<\/p>\n","protected":false},"author":2,"featured_media":33266,"comment_status":"closed","ping_status":"closed","sticky":false,"template":"","format":"standard","meta":{"_monsterinsights_skip_tracking":false,"_monsterinsights_sitenote_active":false,"_monsterinsights_sitenote_note":"","_monsterinsights_sitenote_category":0,"ngg_post_thumbnail":0,"footnotes":""},"categories":[110,90,91,82],"tags":[],"class_list":["post-33256","post","type-post","status-publish","format-standard","has-post-thumbnail","hentry","category-noticias2024","category-ens-fund_ii","category-ens-medio","category-noticias"],"_links":{"self":[{"href":"https:\/\/redebeneditina.org.br\/ispx\/wp-json\/wp\/v2\/posts\/33256","targetHints":{"allow":["GET"]}}],"collection":[{"href":"https:\/\/redebeneditina.org.br\/ispx\/wp-json\/wp\/v2\/posts"}],"about":[{"href":"https:\/\/redebeneditina.org.br\/ispx\/wp-json\/wp\/v2\/types\/post"}],"author":[{"embeddable":true,"href":"https:\/\/redebeneditina.org.br\/ispx\/wp-json\/wp\/v2\/users\/2"}],"replies":[{"embeddable":true,"href":"https:\/\/redebeneditina.org.br\/ispx\/wp-json\/wp\/v2\/comments?post=33256"}],"version-history":[{"count":0,"href":"https:\/\/redebeneditina.org.br\/ispx\/wp-json\/wp\/v2\/posts\/33256\/revisions"}],"wp:featuredmedia":[{"embeddable":true,"href":"https:\/\/redebeneditina.org.br\/ispx\/wp-json\/wp\/v2\/media\/33266"}],"wp:attachment":[{"href":"https:\/\/redebeneditina.org.br\/ispx\/wp-json\/wp\/v2\/media?parent=33256"}],"wp:term":[{"taxonomy":"category","embeddable":true,"href":"https:\/\/redebeneditina.org.br\/ispx\/wp-json\/wp\/v2\/categories?post=33256"},{"taxonomy":"post_tag","embeddable":true,"href":"https:\/\/redebeneditina.org.br\/ispx\/wp-json\/wp\/v2\/tags?post=33256"}],"curies":[{"name":"wp","href":"https:\/\/api.w.org\/{rel}","templated":true}]}}