{"id":33448,"date":"2024-08-30T19:48:22","date_gmt":"2024-08-30T22:48:22","guid":{"rendered":"https:\/\/redebeneditina.org.br\/ispx\/?p=33448"},"modified":"2024-09-04T19:50:09","modified_gmt":"2024-09-04T22:50:09","slug":"medalhas-dama-olimpio-2024","status":"publish","type":"post","link":"https:\/\/redebeneditina.org.br\/ispx\/medalhas-dama-olimpio-2024\/","title":{"rendered":"Medalhas -DAMA &#8211; OlimPio 2024"},"content":{"rendered":"<p>As Olimp\u00edadas no Instituto S\u00e3o Pio X est\u00e3o a todo vapor, e as primeiras medalhas no jogo de Dama j\u00e1 foram entregues!<\/p>\n<p>As equipes do 6\u00ba ano ao Ensino M\u00e9dio mostraram uma verdadeira maestria nas estrat\u00e9gias de cada partida.<\/p>\n<p>Parab\u00e9ns aos campe\u00f5es pela vit\u00f3ria bem merecida!<\/p>\nngg_shortcode_0_placeholder\n","protected":false},"excerpt":{"rendered":"<p>As Olimp\u00edadas no Instituto S\u00e3o Pio X est\u00e3o a todo vapor, e as primeiras medalhas no jogo de Dama j\u00e1 foram entregues! As equipes do 6\u00ba ano ao Ensino M\u00e9dio mostraram uma verdadeira maestria nas estrat\u00e9gias de cada partida. Parab\u00e9ns aos campe\u00f5es pela vit\u00f3ria bem merecida!<\/p>\n","protected":false},"author":2,"featured_media":33460,"comment_status":"closed","ping_status":"closed","sticky":false,"template":"","format":"standard","meta":{"_monsterinsights_skip_tracking":false,"_monsterinsights_sitenote_active":false,"_monsterinsights_sitenote_note":"","_monsterinsights_sitenote_category":0,"ngg_post_thumbnail":0,"footnotes":""},"categories":[110,90,91,82],"tags":[],"class_list":["post-33448","post","type-post","status-publish","format-standard","has-post-thumbnail","hentry","category-noticias2024","category-ens-fund_ii","category-ens-medio","category-noticias"],"_links":{"self":[{"href":"https:\/\/redebeneditina.org.br\/ispx\/wp-json\/wp\/v2\/posts\/33448","targetHints":{"allow":["GET"]}}],"collection":[{"href":"https:\/\/redebeneditina.org.br\/ispx\/wp-json\/wp\/v2\/posts"}],"about":[{"href":"https:\/\/redebeneditina.org.br\/ispx\/wp-json\/wp\/v2\/types\/post"}],"author":[{"embeddable":true,"href":"https:\/\/redebeneditina.org.br\/ispx\/wp-json\/wp\/v2\/users\/2"}],"replies":[{"embeddable":true,"href":"https:\/\/redebeneditina.org.br\/ispx\/wp-json\/wp\/v2\/comments?post=33448"}],"version-history":[{"count":0,"href":"https:\/\/redebeneditina.org.br\/ispx\/wp-json\/wp\/v2\/posts\/33448\/revisions"}],"wp:featuredmedia":[{"embeddable":true,"href":"https:\/\/redebeneditina.org.br\/ispx\/wp-json\/wp\/v2\/media\/33460"}],"wp:attachment":[{"href":"https:\/\/redebeneditina.org.br\/ispx\/wp-json\/wp\/v2\/media?parent=33448"}],"wp:term":[{"taxonomy":"category","embeddable":true,"href":"https:\/\/redebeneditina.org.br\/ispx\/wp-json\/wp\/v2\/categories?post=33448"},{"taxonomy":"post_tag","embeddable":true,"href":"https:\/\/redebeneditina.org.br\/ispx\/wp-json\/wp\/v2\/tags?post=33448"}],"curies":[{"name":"wp","href":"https:\/\/api.w.org\/{rel}","templated":true}]}}