{"id":33772,"date":"2024-09-17T15:47:33","date_gmt":"2024-09-17T18:47:33","guid":{"rendered":"https:\/\/redebeneditina.org.br\/ispx\/?p=33772"},"modified":"2024-09-17T15:51:34","modified_gmt":"2024-09-17T18:51:34","slug":"podcast-3-vocacao-religiosa","status":"publish","type":"post","link":"https:\/\/redebeneditina.org.br\/ispx\/podcast-3-vocacao-religiosa\/","title":{"rendered":"Podcast 3 &#8211; Voca\u00e7\u00e3o religiosa"},"content":{"rendered":"<p>Hoje \u00e0s 19h (13\/09), lan\u00e7amos o 3\u00ba epis\u00f3dio do BentoCast.<\/p>\n<p>O tema \u00e9 &#8220;Voca\u00e7\u00e3o Religiosa&#8221; com nossa convidada especial, Irm\u00e3 Fabiana.<\/p>\n<p>Confira o podcast em <a href=\"https:\/\/www.youtube.com\/watch?v=zwpwgze1Q6Q\">https:\/\/www.youtube.com\/watch?v=zwpwgze1Q6Q<\/a><\/p>\n<p>Confira as fotos:<\/p>\nngg_shortcode_0_placeholder\n","protected":false},"excerpt":{"rendered":"<p>Hoje \u00e0s 19h (13\/09), lan\u00e7amos o 3\u00ba epis\u00f3dio do BentoCast. O tema \u00e9 &#8220;Voca\u00e7\u00e3o Religiosa&#8221; com nossa convidada especial, Irm\u00e3 Fabiana. Confira o podcast em https:\/\/www.youtube.com\/watch?v=zwpwgze1Q6Q Confira as fotos: &nbsp;<\/p>\n","protected":false},"author":2,"featured_media":33796,"comment_status":"closed","ping_status":"closed","sticky":false,"template":"","format":"standard","meta":{"_monsterinsights_skip_tracking":false,"_monsterinsights_sitenote_active":false,"_monsterinsights_sitenote_note":"","_monsterinsights_sitenote_category":0,"ngg_post_thumbnail":0,"footnotes":""},"categories":[110,90,91,82,96],"tags":[],"class_list":["post-33772","post","type-post","status-publish","format-standard","has-post-thumbnail","hentry","category-noticias2024","category-ens-fund_ii","category-ens-medio","category-noticias","category-pastoral-escolar"],"_links":{"self":[{"href":"https:\/\/redebeneditina.org.br\/ispx\/wp-json\/wp\/v2\/posts\/33772","targetHints":{"allow":["GET"]}}],"collection":[{"href":"https:\/\/redebeneditina.org.br\/ispx\/wp-json\/wp\/v2\/posts"}],"about":[{"href":"https:\/\/redebeneditina.org.br\/ispx\/wp-json\/wp\/v2\/types\/post"}],"author":[{"embeddable":true,"href":"https:\/\/redebeneditina.org.br\/ispx\/wp-json\/wp\/v2\/users\/2"}],"replies":[{"embeddable":true,"href":"https:\/\/redebeneditina.org.br\/ispx\/wp-json\/wp\/v2\/comments?post=33772"}],"version-history":[{"count":0,"href":"https:\/\/redebeneditina.org.br\/ispx\/wp-json\/wp\/v2\/posts\/33772\/revisions"}],"wp:featuredmedia":[{"embeddable":true,"href":"https:\/\/redebeneditina.org.br\/ispx\/wp-json\/wp\/v2\/media\/33796"}],"wp:attachment":[{"href":"https:\/\/redebeneditina.org.br\/ispx\/wp-json\/wp\/v2\/media?parent=33772"}],"wp:term":[{"taxonomy":"category","embeddable":true,"href":"https:\/\/redebeneditina.org.br\/ispx\/wp-json\/wp\/v2\/categories?post=33772"},{"taxonomy":"post_tag","embeddable":true,"href":"https:\/\/redebeneditina.org.br\/ispx\/wp-json\/wp\/v2\/tags?post=33772"}],"curies":[{"name":"wp","href":"https:\/\/api.w.org\/{rel}","templated":true}]}}