{"id":34437,"date":"2024-10-10T10:54:13","date_gmt":"2024-10-10T13:54:13","guid":{"rendered":"https:\/\/redebeneditina.org.br\/ispx\/?p=34437"},"modified":"2024-10-10T10:54:13","modified_gmt":"2024-10-10T13:54:13","slug":"experience-ispx-26-10","status":"publish","type":"post","link":"https:\/\/redebeneditina.org.br\/ispx\/experience-ispx-26-10\/","title":{"rendered":"Experience ISPX &#8211; 26\/10"},"content":{"rendered":"<p>\ud83d\udcda Venha vivenciar a experi\u00eancia docente no Instituto S\u00e3o Pio X!<\/p>\n<p>\ud83d\udd0d O Experience ISPX \u00e9 uma oportunidade \u00fanica para novos candidatos a alunos do 6\u00ba ao 9\u00ba ano Ensino Fundamental Anos finais e Ensino M\u00e9dio conhecerem de perto a pr\u00e1tica docente e a filosofia educacional do nosso col\u00e9gio.<\/p>\n<p>\ud83e\udd1d O encontro proporcionar\u00e1 intera\u00e7\u00e3o, descontra\u00e7\u00e3o e muito aprendizado.<\/p>\n<p>\ud83d\udccd Local: Instituto S\u00e3o Pio X<br \/>\n\ud83d\uddd3\ufe0f Data: 26 de Outubro, s\u00e1bado.<br \/>\n\ud83d\udd52 Hor\u00e1rio: 14h<\/p>\n<p>\u27a1\ufe0f <strong>Fa\u00e7a sua inscri\u00e7\u00e3o no link:<\/strong> <a href=\"https:\/\/forms.gle\/3Db99yxPoGWWQncE7\">https:\/\/forms.gle\/3Db99yxPoGWWQncE7<\/a><\/p>\n<p>\ud83c\udf93 Participe e venha fazer parte do nosso jeito de ser!<\/p>\n<p>\ud83d\udcde Contato: 11 3695 8200 | 97601 0591<br \/>\n\u2709\ufe0f Email: recepcao1.piox@redebeneditina.com.br<br \/>\n\ud83c\udf10 Site: redebeneditina.org.br\/ispx\/<\/p>\n<p>&nbsp;<\/p>\n<p>&nbsp;<\/p>\n","protected":false},"excerpt":{"rendered":"<p>\ud83d\udcda Venha vivenciar a experi\u00eancia docente no Instituto S\u00e3o Pio X! \ud83d\udd0d O Experience ISPX \u00e9 uma oportunidade \u00fanica para novos candidatos a alunos do 6\u00ba ao 9\u00ba ano Ensino Fundamental Anos finais e Ensino M\u00e9dio conhecerem de perto a pr\u00e1tica docente e a filosofia educacional do nosso col\u00e9gio. \ud83e\udd1d O encontro proporcionar\u00e1 intera\u00e7\u00e3o, descontra\u00e7\u00e3o&#8230;<\/p>\n","protected":false},"author":2,"featured_media":34438,"comment_status":"closed","ping_status":"closed","sticky":false,"template":"","format":"standard","meta":{"_monsterinsights_skip_tracking":false,"_monsterinsights_sitenote_active":false,"_monsterinsights_sitenote_note":"","_monsterinsights_sitenote_category":0,"ngg_post_thumbnail":0,"footnotes":""},"categories":[110,90,91,82],"tags":[],"class_list":["post-34437","post","type-post","status-publish","format-standard","has-post-thumbnail","hentry","category-noticias2024","category-ens-fund_ii","category-ens-medio","category-noticias"],"_links":{"self":[{"href":"https:\/\/redebeneditina.org.br\/ispx\/wp-json\/wp\/v2\/posts\/34437","targetHints":{"allow":["GET"]}}],"collection":[{"href":"https:\/\/redebeneditina.org.br\/ispx\/wp-json\/wp\/v2\/posts"}],"about":[{"href":"https:\/\/redebeneditina.org.br\/ispx\/wp-json\/wp\/v2\/types\/post"}],"author":[{"embeddable":true,"href":"https:\/\/redebeneditina.org.br\/ispx\/wp-json\/wp\/v2\/users\/2"}],"replies":[{"embeddable":true,"href":"https:\/\/redebeneditina.org.br\/ispx\/wp-json\/wp\/v2\/comments?post=34437"}],"version-history":[{"count":0,"href":"https:\/\/redebeneditina.org.br\/ispx\/wp-json\/wp\/v2\/posts\/34437\/revisions"}],"wp:featuredmedia":[{"embeddable":true,"href":"https:\/\/redebeneditina.org.br\/ispx\/wp-json\/wp\/v2\/media\/34438"}],"wp:attachment":[{"href":"https:\/\/redebeneditina.org.br\/ispx\/wp-json\/wp\/v2\/media?parent=34437"}],"wp:term":[{"taxonomy":"category","embeddable":true,"href":"https:\/\/redebeneditina.org.br\/ispx\/wp-json\/wp\/v2\/categories?post=34437"},{"taxonomy":"post_tag","embeddable":true,"href":"https:\/\/redebeneditina.org.br\/ispx\/wp-json\/wp\/v2\/tags?post=34437"}],"curies":[{"name":"wp","href":"https:\/\/api.w.org\/{rel}","templated":true}]}}