{"id":35076,"date":"2024-10-18T14:47:36","date_gmt":"2024-10-18T17:47:36","guid":{"rendered":"https:\/\/redebeneditina.org.br\/ispx\/?p=35076"},"modified":"2024-10-31T14:49:37","modified_gmt":"2024-10-31T17:49:37","slug":"reciclagem-6-ano","status":"publish","type":"post","link":"https:\/\/redebeneditina.org.br\/ispx\/reciclagem-6-ano\/","title":{"rendered":"Reciclagem &#8211; 6\u00b0 Ano"},"content":{"rendered":"<p>Trabalho apresentado pelas turmas 6\u00b0Ano A e B nas disciplinas de Ci\u00eancias e Geografia. O objetivo \u00e9 conscientizar os alunos sobre a import\u00e2ncia da reciclagem, destacando os benef\u00edcios ambientais, sociais e econ\u00f4micos.<\/p>\n<p>Al\u00e9m disso, os alunos montaram uma lista dos materiais que mais s\u00e3o reciclados no Brasil e a posi\u00e7\u00e3o do pa\u00eds entre os que mais reciclam atualmente.<\/p>\n<p>Para finalizar, eles reproduziram animais utilizando materiais recicl\u00e1veis, promovendo ainda mais a conscientiza\u00e7\u00e3o sobre a import\u00e2ncia de dar um destino correto aos res\u00edduos.<\/p>\nngg_shortcode_0_placeholder\n","protected":false},"excerpt":{"rendered":"<p>Trabalho apresentado pelas turmas 6\u00b0Ano A e B nas disciplinas de Ci\u00eancias e Geografia. O objetivo \u00e9 conscientizar os alunos sobre a import\u00e2ncia da reciclagem, destacando os benef\u00edcios ambientais, sociais e econ\u00f4micos. Al\u00e9m disso, os alunos montaram uma lista dos materiais que mais s\u00e3o reciclados no Brasil e a posi\u00e7\u00e3o do pa\u00eds entre os que&#8230;<\/p>\n","protected":false},"author":2,"featured_media":35093,"comment_status":"closed","ping_status":"closed","sticky":false,"template":"","format":"standard","meta":{"_monsterinsights_skip_tracking":false,"_monsterinsights_sitenote_active":false,"_monsterinsights_sitenote_note":"","_monsterinsights_sitenote_category":0,"ngg_post_thumbnail":0,"footnotes":""},"categories":[110,90,82],"tags":[],"class_list":["post-35076","post","type-post","status-publish","format-standard","has-post-thumbnail","hentry","category-noticias2024","category-ens-fund_ii","category-noticias"],"_links":{"self":[{"href":"https:\/\/redebeneditina.org.br\/ispx\/wp-json\/wp\/v2\/posts\/35076","targetHints":{"allow":["GET"]}}],"collection":[{"href":"https:\/\/redebeneditina.org.br\/ispx\/wp-json\/wp\/v2\/posts"}],"about":[{"href":"https:\/\/redebeneditina.org.br\/ispx\/wp-json\/wp\/v2\/types\/post"}],"author":[{"embeddable":true,"href":"https:\/\/redebeneditina.org.br\/ispx\/wp-json\/wp\/v2\/users\/2"}],"replies":[{"embeddable":true,"href":"https:\/\/redebeneditina.org.br\/ispx\/wp-json\/wp\/v2\/comments?post=35076"}],"version-history":[{"count":0,"href":"https:\/\/redebeneditina.org.br\/ispx\/wp-json\/wp\/v2\/posts\/35076\/revisions"}],"wp:featuredmedia":[{"embeddable":true,"href":"https:\/\/redebeneditina.org.br\/ispx\/wp-json\/wp\/v2\/media\/35093"}],"wp:attachment":[{"href":"https:\/\/redebeneditina.org.br\/ispx\/wp-json\/wp\/v2\/media?parent=35076"}],"wp:term":[{"taxonomy":"category","embeddable":true,"href":"https:\/\/redebeneditina.org.br\/ispx\/wp-json\/wp\/v2\/categories?post=35076"},{"taxonomy":"post_tag","embeddable":true,"href":"https:\/\/redebeneditina.org.br\/ispx\/wp-json\/wp\/v2\/tags?post=35076"}],"curies":[{"name":"wp","href":"https:\/\/api.w.org\/{rel}","templated":true}]}}