{"id":35923,"date":"2024-11-05T10:28:43","date_gmt":"2024-11-05T13:28:43","guid":{"rendered":"https:\/\/redebeneditina.org.br\/ispx\/?p=35923"},"modified":"2024-11-05T14:06:40","modified_gmt":"2024-11-05T17:06:40","slug":"dia-de-todos-os-santos-no-instituto-sao-pio-x","status":"publish","type":"post","link":"https:\/\/redebeneditina.org.br\/ispx\/dia-de-todos-os-santos-no-instituto-sao-pio-x\/","title":{"rendered":"Dia de Todos os Santos no Instituto S\u00e3o Pio X"},"content":{"rendered":"<p>Hoje celebramos o c\u00e9u aqui na Terra, 01\/11! No Dia de Todos os Santos, nossos alunos, vestidos como seus santos de devo\u00e7\u00e3o, nos lembraram da beleza de buscar a santidade em cada gesto e palavra.<\/p>\n<p>Em uma atividade muito especial, organizada e orientada pela professora Leticia, os alunos visitaram nossa capela e aprenderam sobre quem s\u00e3o os santos e o que podemos aprender com eles.<\/p>\n<p>Al\u00e9m disso, participaram de um desfile, um momento de ora\u00e7\u00e3o coletiva e um momento de agradecimento a Deus.<\/p>\n<p>Que o exemplo deles inspire nossas vidas, para que juntos possamos trilhar o caminho do amor e da f\u00e9. Santos e santas de Deus, rogai por n\u00f3s!<\/p>\n<p>ngg_shortcode_0_placeholderConfira os v\u00eddeos:<\/p>\n<p><a href=\"https:\/\/www.instagram.com\/p\/DB1a_hEpBkI\/\">https:\/\/www.instagram.com\/p\/DB1a_hEpBkI\/<\/a><\/p>\n<p><a href=\"https:\/\/www.instagram.com\/p\/DB19ZqpSykp\/\">https:\/\/www.instagram.com\/p\/DB19ZqpSykp\/<\/a><\/p>\n<p><a href=\"https:\/\/www.instagram.com\/p\/DB9F9ASvjGR\/\">https:\/\/www.instagram.com\/p\/DB9F9ASvjGR\/<\/a><\/p>\n<p>&nbsp;<\/p>\n<p>&nbsp;<\/p>\n","protected":false},"excerpt":{"rendered":"<p>Hoje celebramos o c\u00e9u aqui na Terra, 01\/11! No Dia de Todos os Santos, nossos alunos, vestidos como seus santos de devo\u00e7\u00e3o, nos lembraram da beleza de buscar a santidade em cada gesto e palavra. Em uma atividade muito especial, organizada e orientada pela professora Leticia, os alunos visitaram nossa capela e aprenderam sobre quem&#8230;<\/p>\n","protected":false},"author":2,"featured_media":35941,"comment_status":"closed","ping_status":"closed","sticky":false,"template":"","format":"standard","meta":{"_monsterinsights_skip_tracking":false,"_monsterinsights_sitenote_active":false,"_monsterinsights_sitenote_note":"","_monsterinsights_sitenote_category":0,"ngg_post_thumbnail":0,"footnotes":""},"categories":[110,88,89,90,82,96],"tags":[],"class_list":["post-35923","post","type-post","status-publish","format-standard","has-post-thumbnail","hentry","category-noticias2024","category-ed-infantil","category-ens-fund_i","category-ens-fund_ii","category-noticias","category-pastoral-escolar"],"_links":{"self":[{"href":"https:\/\/redebeneditina.org.br\/ispx\/wp-json\/wp\/v2\/posts\/35923","targetHints":{"allow":["GET"]}}],"collection":[{"href":"https:\/\/redebeneditina.org.br\/ispx\/wp-json\/wp\/v2\/posts"}],"about":[{"href":"https:\/\/redebeneditina.org.br\/ispx\/wp-json\/wp\/v2\/types\/post"}],"author":[{"embeddable":true,"href":"https:\/\/redebeneditina.org.br\/ispx\/wp-json\/wp\/v2\/users\/2"}],"replies":[{"embeddable":true,"href":"https:\/\/redebeneditina.org.br\/ispx\/wp-json\/wp\/v2\/comments?post=35923"}],"version-history":[{"count":0,"href":"https:\/\/redebeneditina.org.br\/ispx\/wp-json\/wp\/v2\/posts\/35923\/revisions"}],"wp:featuredmedia":[{"embeddable":true,"href":"https:\/\/redebeneditina.org.br\/ispx\/wp-json\/wp\/v2\/media\/35941"}],"wp:attachment":[{"href":"https:\/\/redebeneditina.org.br\/ispx\/wp-json\/wp\/v2\/media?parent=35923"}],"wp:term":[{"taxonomy":"category","embeddable":true,"href":"https:\/\/redebeneditina.org.br\/ispx\/wp-json\/wp\/v2\/categories?post=35923"},{"taxonomy":"post_tag","embeddable":true,"href":"https:\/\/redebeneditina.org.br\/ispx\/wp-json\/wp\/v2\/tags?post=35923"}],"curies":[{"name":"wp","href":"https:\/\/api.w.org\/{rel}","templated":true}]}}