{"id":37354,"date":"2025-02-13T15:07:31","date_gmt":"2025-02-13T18:07:31","guid":{"rendered":"https:\/\/redebeneditina.org.br\/ispx\/?p=37354"},"modified":"2025-02-13T15:09:31","modified_gmt":"2025-02-13T18:09:31","slug":"experience-ispx","status":"publish","type":"post","link":"https:\/\/redebeneditina.org.br\/ispx\/experience-ispx\/","title":{"rendered":"EXPERIENCE ISPX"},"content":{"rendered":"<p>\ud83d\udcda Venha vivenciar a experi\u00eancia docente no Instituto S\u00e3o Pio X!<\/p>\n<p>\ud83d\udd0d O Experience ISPX \u00e9 uma oportunidade \u00fanica para novos candidatos a alunos do 6\u00ba ao 9\u00ba ano Ensino Fundamental Anos finais e Ensino M\u00e9dio conhecerem de perto a pr\u00e1tica docente e a filosofia educacional do nosso col\u00e9gio.<\/p>\n<p>\ud83e\udd1d O encontro proporcionar\u00e1 intera\u00e7\u00e3o, descontra\u00e7\u00e3o e muito aprendizado.<\/p>\n<p>\ud83d\udccd Local: Instituto S\u00e3o Pio X<br \/>\n\ud83d\uddd3\ufe0f Data: 15 de Fevereiro, s\u00e1bado<br \/>\n\ud83d\udd52 Hor\u00e1rio: 14h<\/p>\n<p>\u27a1\ufe0f Fa\u00e7a sua inscri\u00e7\u00e3o no link: <a href=\"https:\/\/forms.gle\/EeRJFDZdxqURNC9A7\">https:\/\/forms.gle\/EeRJFDZdxqURNC9A7<\/a><\/p>\n<p>\ud83c\udf93 Participe e venha fazer parte do nosso jeito de ser!<\/p>\n","protected":false},"excerpt":{"rendered":"<p>\ud83d\udcda Venha vivenciar a experi\u00eancia docente no Instituto S\u00e3o Pio X! \ud83d\udd0d O Experience ISPX \u00e9 uma oportunidade \u00fanica para novos candidatos a alunos do 6\u00ba ao 9\u00ba ano Ensino Fundamental Anos finais e Ensino M\u00e9dio conhecerem de perto a pr\u00e1tica docente e a filosofia educacional do nosso col\u00e9gio. \ud83e\udd1d O encontro proporcionar\u00e1 intera\u00e7\u00e3o, descontra\u00e7\u00e3o&#8230;<\/p>\n","protected":false},"author":2,"featured_media":37355,"comment_status":"closed","ping_status":"closed","sticky":false,"template":"","format":"standard","meta":{"_monsterinsights_skip_tracking":false,"_monsterinsights_sitenote_active":false,"_monsterinsights_sitenote_note":"","_monsterinsights_sitenote_category":0,"ngg_post_thumbnail":0,"footnotes":""},"categories":[111,90,91,82],"tags":[],"class_list":["post-37354","post","type-post","status-publish","format-standard","has-post-thumbnail","hentry","category-noticia-piox-2025","category-ens-fund_ii","category-ens-medio","category-noticias"],"_links":{"self":[{"href":"https:\/\/redebeneditina.org.br\/ispx\/wp-json\/wp\/v2\/posts\/37354","targetHints":{"allow":["GET"]}}],"collection":[{"href":"https:\/\/redebeneditina.org.br\/ispx\/wp-json\/wp\/v2\/posts"}],"about":[{"href":"https:\/\/redebeneditina.org.br\/ispx\/wp-json\/wp\/v2\/types\/post"}],"author":[{"embeddable":true,"href":"https:\/\/redebeneditina.org.br\/ispx\/wp-json\/wp\/v2\/users\/2"}],"replies":[{"embeddable":true,"href":"https:\/\/redebeneditina.org.br\/ispx\/wp-json\/wp\/v2\/comments?post=37354"}],"version-history":[{"count":0,"href":"https:\/\/redebeneditina.org.br\/ispx\/wp-json\/wp\/v2\/posts\/37354\/revisions"}],"wp:featuredmedia":[{"embeddable":true,"href":"https:\/\/redebeneditina.org.br\/ispx\/wp-json\/wp\/v2\/media\/37355"}],"wp:attachment":[{"href":"https:\/\/redebeneditina.org.br\/ispx\/wp-json\/wp\/v2\/media?parent=37354"}],"wp:term":[{"taxonomy":"category","embeddable":true,"href":"https:\/\/redebeneditina.org.br\/ispx\/wp-json\/wp\/v2\/categories?post=37354"},{"taxonomy":"post_tag","embeddable":true,"href":"https:\/\/redebeneditina.org.br\/ispx\/wp-json\/wp\/v2\/tags?post=37354"}],"curies":[{"name":"wp","href":"https:\/\/api.w.org\/{rel}","templated":true}]}}