{"id":37362,"date":"2025-02-12T15:13:18","date_gmt":"2025-02-12T18:13:18","guid":{"rendered":"https:\/\/redebeneditina.org.br\/ispx\/?p=37362"},"modified":"2025-02-13T15:28:36","modified_gmt":"2025-02-13T18:28:36","slug":"treinos-esportivos","status":"publish","type":"post","link":"https:\/\/redebeneditina.org.br\/ispx\/treinos-esportivos\/","title":{"rendered":"Treinos esportivos"},"content":{"rendered":"<p>Pensando nos benef\u00edcios que seu filho(a) pode receber, convidamos voc\u00ea a inscrev\u00ea-lo(a) nas turmas de treinamento esportivo, sem custo adicional. \ud83c\udfc6\ud83e\udd47<\/p>\n<p>Modalidades dispon\u00edveis:<\/p>\n<p>Handebol \ud83e\udd4e<br \/>\nFutsal \u26bd<br \/>\nVoleibol \ud83c\udfd0<br \/>\nBasquete \ud83c\udfc0<\/p>\n<p>Fundamental II<br \/>\nEnsino M\u00e9dio<\/p>\n<p>A entrega da autoriza\u00e7\u00e3o deve ser feita at\u00e9 14\/02\/2024.<br \/>\nIn\u00edcio dos treinos: 17\/02\/2025.<\/p>\n<p>Para mais informa\u00e7\u00f5es, entre em contato com a Secretaria.<\/p>\n","protected":false},"excerpt":{"rendered":"<p>Pensando nos benef\u00edcios que seu filho(a) pode receber, convidamos voc\u00ea a inscrev\u00ea-lo(a) nas turmas de treinamento esportivo, sem custo adicional. \ud83c\udfc6\ud83e\udd47 Modalidades dispon\u00edveis: Handebol \ud83e\udd4e Futsal \u26bd Voleibol \ud83c\udfd0 Basquete \ud83c\udfc0 Fundamental II Ensino M\u00e9dio A entrega da autoriza\u00e7\u00e3o deve ser feita at\u00e9 14\/02\/2024. In\u00edcio dos treinos: 17\/02\/2025. Para mais informa\u00e7\u00f5es, entre em contato com&#8230;<\/p>\n","protected":false},"author":2,"featured_media":37367,"comment_status":"closed","ping_status":"closed","sticky":false,"template":"","format":"standard","meta":{"_monsterinsights_skip_tracking":false,"_monsterinsights_sitenote_active":false,"_monsterinsights_sitenote_note":"","_monsterinsights_sitenote_category":0,"ngg_post_thumbnail":0,"footnotes":""},"categories":[111,90,91,82],"tags":[],"class_list":["post-37362","post","type-post","status-publish","format-standard","has-post-thumbnail","hentry","category-noticia-piox-2025","category-ens-fund_ii","category-ens-medio","category-noticias"],"_links":{"self":[{"href":"https:\/\/redebeneditina.org.br\/ispx\/wp-json\/wp\/v2\/posts\/37362","targetHints":{"allow":["GET"]}}],"collection":[{"href":"https:\/\/redebeneditina.org.br\/ispx\/wp-json\/wp\/v2\/posts"}],"about":[{"href":"https:\/\/redebeneditina.org.br\/ispx\/wp-json\/wp\/v2\/types\/post"}],"author":[{"embeddable":true,"href":"https:\/\/redebeneditina.org.br\/ispx\/wp-json\/wp\/v2\/users\/2"}],"replies":[{"embeddable":true,"href":"https:\/\/redebeneditina.org.br\/ispx\/wp-json\/wp\/v2\/comments?post=37362"}],"version-history":[{"count":0,"href":"https:\/\/redebeneditina.org.br\/ispx\/wp-json\/wp\/v2\/posts\/37362\/revisions"}],"wp:featuredmedia":[{"embeddable":true,"href":"https:\/\/redebeneditina.org.br\/ispx\/wp-json\/wp\/v2\/media\/37367"}],"wp:attachment":[{"href":"https:\/\/redebeneditina.org.br\/ispx\/wp-json\/wp\/v2\/media?parent=37362"}],"wp:term":[{"taxonomy":"category","embeddable":true,"href":"https:\/\/redebeneditina.org.br\/ispx\/wp-json\/wp\/v2\/categories?post=37362"},{"taxonomy":"post_tag","embeddable":true,"href":"https:\/\/redebeneditina.org.br\/ispx\/wp-json\/wp\/v2\/tags?post=37362"}],"curies":[{"name":"wp","href":"https:\/\/api.w.org\/{rel}","templated":true}]}}