{"id":38227,"date":"2025-02-28T17:12:38","date_gmt":"2025-02-28T20:12:38","guid":{"rendered":"https:\/\/redebeneditina.org.br\/ispx\/?p=38227"},"modified":"2025-02-28T17:12:38","modified_gmt":"2025-02-28T20:12:38","slug":"comunicado-recesso-de-carnaval","status":"publish","type":"post","link":"https:\/\/redebeneditina.org.br\/ispx\/comunicado-recesso-de-carnaval\/","title":{"rendered":"Comunicado \u2013 Recesso de Carnaval"},"content":{"rendered":"<p>\ud83c\udfad O Carnaval tem suas origens em tradi\u00e7\u00f5es crist\u00e3s, sendo um per\u00edodo de celebra\u00e7\u00e3o que precede a Quaresma, tempo de reflex\u00e3o e prepara\u00e7\u00e3o para a P\u00e1scoa.<\/p>\n<p>\ud83d\udce2 Informamos que n\u00e3o haver\u00e1 aula nos dias 3, 4 e 5. Retomamos as atividades no dia 6 de Mar\u00e7o.<\/p>\n<p>\u2728 Desejamos a todos um bom descanso e momentos de conviv\u00eancia em fam\u00edlia! \ud83c\udf89\ud83c\udf8a<\/p>\n","protected":false},"excerpt":{"rendered":"<p>\ud83c\udfad O Carnaval tem suas origens em tradi\u00e7\u00f5es crist\u00e3s, sendo um per\u00edodo de celebra\u00e7\u00e3o que precede a Quaresma, tempo de reflex\u00e3o e prepara\u00e7\u00e3o para a P\u00e1scoa. \ud83d\udce2 Informamos que n\u00e3o haver\u00e1 aula nos dias 3, 4 e 5. Retomamos as atividades no dia 6 de Mar\u00e7o. \u2728 Desejamos a todos um bom descanso e momentos&#8230;<\/p>\n","protected":false},"author":2,"featured_media":38228,"comment_status":"closed","ping_status":"closed","sticky":false,"template":"","format":"standard","meta":{"_monsterinsights_skip_tracking":false,"_monsterinsights_sitenote_active":false,"_monsterinsights_sitenote_note":"","_monsterinsights_sitenote_category":0,"ngg_post_thumbnail":0,"footnotes":""},"categories":[111,88,89,90,91,82],"tags":[],"class_list":["post-38227","post","type-post","status-publish","format-standard","has-post-thumbnail","hentry","category-noticia-piox-2025","category-ed-infantil","category-ens-fund_i","category-ens-fund_ii","category-ens-medio","category-noticias"],"_links":{"self":[{"href":"https:\/\/redebeneditina.org.br\/ispx\/wp-json\/wp\/v2\/posts\/38227","targetHints":{"allow":["GET"]}}],"collection":[{"href":"https:\/\/redebeneditina.org.br\/ispx\/wp-json\/wp\/v2\/posts"}],"about":[{"href":"https:\/\/redebeneditina.org.br\/ispx\/wp-json\/wp\/v2\/types\/post"}],"author":[{"embeddable":true,"href":"https:\/\/redebeneditina.org.br\/ispx\/wp-json\/wp\/v2\/users\/2"}],"replies":[{"embeddable":true,"href":"https:\/\/redebeneditina.org.br\/ispx\/wp-json\/wp\/v2\/comments?post=38227"}],"version-history":[{"count":1,"href":"https:\/\/redebeneditina.org.br\/ispx\/wp-json\/wp\/v2\/posts\/38227\/revisions"}],"predecessor-version":[{"id":38229,"href":"https:\/\/redebeneditina.org.br\/ispx\/wp-json\/wp\/v2\/posts\/38227\/revisions\/38229"}],"wp:featuredmedia":[{"embeddable":true,"href":"https:\/\/redebeneditina.org.br\/ispx\/wp-json\/wp\/v2\/media\/38228"}],"wp:attachment":[{"href":"https:\/\/redebeneditina.org.br\/ispx\/wp-json\/wp\/v2\/media?parent=38227"}],"wp:term":[{"taxonomy":"category","embeddable":true,"href":"https:\/\/redebeneditina.org.br\/ispx\/wp-json\/wp\/v2\/categories?post=38227"},{"taxonomy":"post_tag","embeddable":true,"href":"https:\/\/redebeneditina.org.br\/ispx\/wp-json\/wp\/v2\/tags?post=38227"}],"curies":[{"name":"wp","href":"https:\/\/api.w.org\/{rel}","templated":true}]}}