{"id":38244,"date":"2025-03-03T16:53:57","date_gmt":"2025-03-03T19:53:57","guid":{"rendered":"https:\/\/redebeneditina.org.br\/ispx\/?p=38244"},"modified":"2025-03-05T16:55:23","modified_gmt":"2025-03-05T19:55:23","slug":"parabens-instituto-sao-pio-x","status":"publish","type":"post","link":"https:\/\/redebeneditina.org.br\/ispx\/parabens-instituto-sao-pio-x\/","title":{"rendered":"Parab\u00e9ns, Instituto S\u00e3o Pio X!"},"content":{"rendered":"<h2>Instituto S\u00e3o Pio X &#8211; 62 anos de Hist\u00f3ria e Educa\u00e7\u00e3o!&nbsp;<\/h2>\n<p>&nbsp;<\/p>\n<p>O Instituto S\u00e3o Pio X celebra 62 anos formando gera\u00e7\u00f5es com excel\u00eancia e compromisso! Com uma trajet\u00f3ria marcada por dedica\u00e7\u00e3o e inova\u00e7\u00e3o, seguimos acreditando que a educa\u00e7\u00e3o deve ser o sonho de cada um e o compromisso de todos, renovando vidas e transformando a sociedade.<\/p>\n<p>Hoje, nosso Instituto se destaca pela sua estrutura moderna, metodologia qualificada e um ensino que vai al\u00e9m da sala de aula, sempre guiado por valores s\u00f3lidos e pelo desejo de um futuro melhor para cada aluno.<\/p>\n<p>Parab\u00e9ns, Instituto S\u00e3o Pio X! Que essa miss\u00e3o continue brilhando e inspirando muitas vidas!<\/p>\n","protected":false},"excerpt":{"rendered":"<p>Instituto S\u00e3o Pio X &#8211; 62 anos de Hist\u00f3ria e Educa\u00e7\u00e3o!&nbsp; &nbsp; O Instituto S\u00e3o Pio X celebra 62 anos formando gera\u00e7\u00f5es com excel\u00eancia e compromisso! Com uma trajet\u00f3ria marcada por dedica\u00e7\u00e3o e inova\u00e7\u00e3o, seguimos acreditando que a educa\u00e7\u00e3o deve ser o sonho de cada um e o compromisso de todos, renovando vidas e transformando&#8230;<\/p>\n","protected":false},"author":2,"featured_media":38245,"comment_status":"closed","ping_status":"closed","sticky":false,"template":"","format":"standard","meta":{"_monsterinsights_skip_tracking":false,"_monsterinsights_sitenote_active":false,"_monsterinsights_sitenote_note":"","_monsterinsights_sitenote_category":0,"ngg_post_thumbnail":0,"footnotes":""},"categories":[111,92,88,89,90,91,82],"tags":[],"class_list":["post-38244","post","type-post","status-publish","format-standard","has-post-thumbnail","hentry","category-noticia-piox-2025","category-contraturno","category-ed-infantil","category-ens-fund_i","category-ens-fund_ii","category-ens-medio","category-noticias"],"_links":{"self":[{"href":"https:\/\/redebeneditina.org.br\/ispx\/wp-json\/wp\/v2\/posts\/38244","targetHints":{"allow":["GET"]}}],"collection":[{"href":"https:\/\/redebeneditina.org.br\/ispx\/wp-json\/wp\/v2\/posts"}],"about":[{"href":"https:\/\/redebeneditina.org.br\/ispx\/wp-json\/wp\/v2\/types\/post"}],"author":[{"embeddable":true,"href":"https:\/\/redebeneditina.org.br\/ispx\/wp-json\/wp\/v2\/users\/2"}],"replies":[{"embeddable":true,"href":"https:\/\/redebeneditina.org.br\/ispx\/wp-json\/wp\/v2\/comments?post=38244"}],"version-history":[{"count":1,"href":"https:\/\/redebeneditina.org.br\/ispx\/wp-json\/wp\/v2\/posts\/38244\/revisions"}],"predecessor-version":[{"id":38246,"href":"https:\/\/redebeneditina.org.br\/ispx\/wp-json\/wp\/v2\/posts\/38244\/revisions\/38246"}],"wp:featuredmedia":[{"embeddable":true,"href":"https:\/\/redebeneditina.org.br\/ispx\/wp-json\/wp\/v2\/media\/38245"}],"wp:attachment":[{"href":"https:\/\/redebeneditina.org.br\/ispx\/wp-json\/wp\/v2\/media?parent=38244"}],"wp:term":[{"taxonomy":"category","embeddable":true,"href":"https:\/\/redebeneditina.org.br\/ispx\/wp-json\/wp\/v2\/categories?post=38244"},{"taxonomy":"post_tag","embeddable":true,"href":"https:\/\/redebeneditina.org.br\/ispx\/wp-json\/wp\/v2\/tags?post=38244"}],"curies":[{"name":"wp","href":"https:\/\/api.w.org\/{rel}","templated":true}]}}