{"id":38265,"date":"2025-03-08T18:10:05","date_gmt":"2025-03-08T21:10:05","guid":{"rendered":"https:\/\/redebeneditina.org.br\/ispx\/?p=38265"},"modified":"2025-03-11T18:12:21","modified_gmt":"2025-03-11T21:12:21","slug":"dia-da-mulher-no-ispx","status":"publish","type":"post","link":"https:\/\/redebeneditina.org.br\/ispx\/dia-da-mulher-no-ispx\/","title":{"rendered":"Dia da Mulher no ISPX"},"content":{"rendered":"<p>Mulher, voc\u00ea \u00e9 forte, s\u00e1bia e cheia de gra\u00e7a! \u2728<br \/>\nA B\u00edblia nos lembra do seu valor: \u2018Voc\u00eas s\u00e3o preciosas aos olhos de Deus\u2019 (Isa\u00edas 43:4).<br \/>\nHoje celebramos todas as mulheres que inspiram com sua f\u00e9, coragem e amor. Feliz Dia da Mulher! \u2764\ufe0f\ud83c\udf37<\/p>\n<p>Confira o v\u00eddeo no nosso Instagram: <a href=\"https:\/\/www.instagram.com\/p\/DG8A_aaxSmL\/\">https:\/\/www.instagram.com\/p\/DG8A_aaxSmL\/<\/a><\/p>\n","protected":false},"excerpt":{"rendered":"<p>Mulher, voc\u00ea \u00e9 forte, s\u00e1bia e cheia de gra\u00e7a! \u2728 A B\u00edblia nos lembra do seu valor: \u2018Voc\u00eas s\u00e3o preciosas aos olhos de Deus\u2019 (Isa\u00edas 43:4). Hoje celebramos todas as mulheres que inspiram com sua f\u00e9, coragem e amor. Feliz Dia da Mulher! \u2764\ufe0f\ud83c\udf37 Confira o v\u00eddeo no nosso Instagram: https:\/\/www.instagram.com\/p\/DG8A_aaxSmL\/<\/p>\n","protected":false},"author":2,"featured_media":38266,"comment_status":"closed","ping_status":"closed","sticky":false,"template":"","format":"standard","meta":{"_monsterinsights_skip_tracking":false,"_monsterinsights_sitenote_active":false,"_monsterinsights_sitenote_note":"","_monsterinsights_sitenote_category":0,"ngg_post_thumbnail":0,"footnotes":""},"categories":[111,88,89,90,91,82],"tags":[],"class_list":["post-38265","post","type-post","status-publish","format-standard","has-post-thumbnail","hentry","category-noticia-piox-2025","category-ed-infantil","category-ens-fund_i","category-ens-fund_ii","category-ens-medio","category-noticias"],"_links":{"self":[{"href":"https:\/\/redebeneditina.org.br\/ispx\/wp-json\/wp\/v2\/posts\/38265","targetHints":{"allow":["GET"]}}],"collection":[{"href":"https:\/\/redebeneditina.org.br\/ispx\/wp-json\/wp\/v2\/posts"}],"about":[{"href":"https:\/\/redebeneditina.org.br\/ispx\/wp-json\/wp\/v2\/types\/post"}],"author":[{"embeddable":true,"href":"https:\/\/redebeneditina.org.br\/ispx\/wp-json\/wp\/v2\/users\/2"}],"replies":[{"embeddable":true,"href":"https:\/\/redebeneditina.org.br\/ispx\/wp-json\/wp\/v2\/comments?post=38265"}],"version-history":[{"count":1,"href":"https:\/\/redebeneditina.org.br\/ispx\/wp-json\/wp\/v2\/posts\/38265\/revisions"}],"predecessor-version":[{"id":38267,"href":"https:\/\/redebeneditina.org.br\/ispx\/wp-json\/wp\/v2\/posts\/38265\/revisions\/38267"}],"wp:featuredmedia":[{"embeddable":true,"href":"https:\/\/redebeneditina.org.br\/ispx\/wp-json\/wp\/v2\/media\/38266"}],"wp:attachment":[{"href":"https:\/\/redebeneditina.org.br\/ispx\/wp-json\/wp\/v2\/media?parent=38265"}],"wp:term":[{"taxonomy":"category","embeddable":true,"href":"https:\/\/redebeneditina.org.br\/ispx\/wp-json\/wp\/v2\/categories?post=38265"},{"taxonomy":"post_tag","embeddable":true,"href":"https:\/\/redebeneditina.org.br\/ispx\/wp-json\/wp\/v2\/tags?post=38265"}],"curies":[{"name":"wp","href":"https:\/\/api.w.org\/{rel}","templated":true}]}}