{"id":38680,"date":"2025-04-03T16:29:23","date_gmt":"2025-04-03T19:29:23","guid":{"rendered":"https:\/\/redebeneditina.org.br\/ispx\/?p=38680"},"modified":"2025-04-03T16:53:02","modified_gmt":"2025-04-03T19:53:02","slug":"explorando-o-castelo-interior-com-santa-teresa-de-avila","status":"publish","type":"post","link":"https:\/\/redebeneditina.org.br\/ispx\/explorando-o-castelo-interior-com-santa-teresa-de-avila\/","title":{"rendered":"Explorando o Castelo Interior com Santa Teresa de \u00c1vila &#8211; 8\u00ba ano"},"content":{"rendered":"<p>Os alunos do 8\u00ba ano, na aula de Ensino Religioso, mergulharam na obra Castelo Interior, de Santa Teresa de \u00c1vila, e desenvolveram uma maquete para representar essa grande met\u00e1fora da vida espiritual. No interior do castelo, cada aluno colocou algo que considera valioso e belo, refletindo sobre o que d\u00e1 sentido \u00e0 sua vida.<\/p>\n<p>Santa Teresa nos ensina que \u201ca alma do justo n\u00e3o \u00e9 outra coisa sen\u00e3o um para\u00edso onde Deus se deleita\u201d (Castelo Interior, Morada 1,1). Assim, essa atividade permitiu que os estudantes visualizassem o pr\u00f3prio mundo interior como um espa\u00e7o de encontro com o divino.<\/p>\n<p>Uma experi\u00eancia que uniu reflex\u00e3o, criatividade e espiritualidade!<\/p>\nngg_shortcode_0_placeholder\n","protected":false},"excerpt":{"rendered":"<p>Os alunos do 8\u00ba ano, na aula de Ensino Religioso, mergulharam na obra Castelo Interior, de Santa Teresa de \u00c1vila, e desenvolveram uma maquete para representar essa grande met\u00e1fora da vida espiritual. No interior do castelo, cada aluno colocou algo que considera valioso e belo, refletindo sobre o que d\u00e1 sentido \u00e0 sua vida. Santa&#8230;<\/p>\n","protected":false},"author":2,"featured_media":38699,"comment_status":"closed","ping_status":"closed","sticky":false,"template":"","format":"standard","meta":{"_monsterinsights_skip_tracking":false,"_monsterinsights_sitenote_active":false,"_monsterinsights_sitenote_note":"","_monsterinsights_sitenote_category":0,"ngg_post_thumbnail":0,"footnotes":""},"categories":[111,90,82,96],"tags":[],"class_list":["post-38680","post","type-post","status-publish","format-standard","has-post-thumbnail","hentry","category-noticia-piox-2025","category-ens-fund_ii","category-noticias","category-pastoral-escolar"],"_links":{"self":[{"href":"https:\/\/redebeneditina.org.br\/ispx\/wp-json\/wp\/v2\/posts\/38680","targetHints":{"allow":["GET"]}}],"collection":[{"href":"https:\/\/redebeneditina.org.br\/ispx\/wp-json\/wp\/v2\/posts"}],"about":[{"href":"https:\/\/redebeneditina.org.br\/ispx\/wp-json\/wp\/v2\/types\/post"}],"author":[{"embeddable":true,"href":"https:\/\/redebeneditina.org.br\/ispx\/wp-json\/wp\/v2\/users\/2"}],"replies":[{"embeddable":true,"href":"https:\/\/redebeneditina.org.br\/ispx\/wp-json\/wp\/v2\/comments?post=38680"}],"version-history":[{"count":2,"href":"https:\/\/redebeneditina.org.br\/ispx\/wp-json\/wp\/v2\/posts\/38680\/revisions"}],"predecessor-version":[{"id":38789,"href":"https:\/\/redebeneditina.org.br\/ispx\/wp-json\/wp\/v2\/posts\/38680\/revisions\/38789"}],"wp:featuredmedia":[{"embeddable":true,"href":"https:\/\/redebeneditina.org.br\/ispx\/wp-json\/wp\/v2\/media\/38699"}],"wp:attachment":[{"href":"https:\/\/redebeneditina.org.br\/ispx\/wp-json\/wp\/v2\/media?parent=38680"}],"wp:term":[{"taxonomy":"category","embeddable":true,"href":"https:\/\/redebeneditina.org.br\/ispx\/wp-json\/wp\/v2\/categories?post=38680"},{"taxonomy":"post_tag","embeddable":true,"href":"https:\/\/redebeneditina.org.br\/ispx\/wp-json\/wp\/v2\/tags?post=38680"}],"curies":[{"name":"wp","href":"https:\/\/api.w.org\/{rel}","templated":true}]}}