{"id":38915,"date":"2025-04-14T15:31:46","date_gmt":"2025-04-14T18:31:46","guid":{"rendered":"https:\/\/redebeneditina.org.br\/ispx\/?p=38915"},"modified":"2025-04-14T15:32:48","modified_gmt":"2025-04-14T18:32:48","slug":"encerramento-da-semana-literaria-2025","status":"publish","type":"post","link":"https:\/\/redebeneditina.org.br\/ispx\/encerramento-da-semana-literaria-2025\/","title":{"rendered":"Encerramento da Semana Liter\u00e1ria 2025"},"content":{"rendered":"<div class=\"gmail_default\">Encerramos a nossa Semana Liter\u00e1ria 2025 com o cora\u00e7\u00e3o cheio de orgulho e gratid\u00e3o! Foram dias incr\u00edveis, repletos de talento, emo\u00e7\u00e3o e muita dedica\u00e7\u00e3o dos nossos alunos e professores!<\/div>\n<div>&nbsp;<\/div>\n<div class=\"gmail_default\">Cada apresenta\u00e7\u00e3o foi um espet\u00e1culo \u00e0 parte, e cada detalhe fez desse evento algo inesquec\u00edvel!<\/div>\n<div class=\"gmail_default\">Obrigada a todos que fizeram parte dessa linda jornada! At\u00e9 a pr\u00f3xima!<\/div>\n<div>&nbsp;<\/div>\n<div>ngg_shortcode_0_placeholder<\/div>\n<div>&nbsp;<\/div>\n","protected":false},"excerpt":{"rendered":"<p>Encerramos a nossa Semana Liter\u00e1ria 2025 com o cora\u00e7\u00e3o cheio de orgulho e gratid\u00e3o! Foram dias incr\u00edveis, repletos de talento, emo\u00e7\u00e3o e muita dedica\u00e7\u00e3o dos nossos alunos e professores! &nbsp; Cada apresenta\u00e7\u00e3o foi um espet\u00e1culo \u00e0 parte, e cada detalhe fez desse evento algo inesquec\u00edvel! Obrigada a todos que fizeram parte dessa linda jornada! At\u00e9&#8230;<\/p>\n","protected":false},"author":2,"featured_media":39045,"comment_status":"closed","ping_status":"closed","sticky":false,"template":"","format":"standard","meta":{"_monsterinsights_skip_tracking":false,"_monsterinsights_sitenote_active":false,"_monsterinsights_sitenote_note":"","_monsterinsights_sitenote_category":0,"ngg_post_thumbnail":0,"footnotes":""},"categories":[111,89,90,91,82],"tags":[],"class_list":["post-38915","post","type-post","status-publish","format-standard","has-post-thumbnail","hentry","category-noticia-piox-2025","category-ens-fund_i","category-ens-fund_ii","category-ens-medio","category-noticias"],"_links":{"self":[{"href":"https:\/\/redebeneditina.org.br\/ispx\/wp-json\/wp\/v2\/posts\/38915","targetHints":{"allow":["GET"]}}],"collection":[{"href":"https:\/\/redebeneditina.org.br\/ispx\/wp-json\/wp\/v2\/posts"}],"about":[{"href":"https:\/\/redebeneditina.org.br\/ispx\/wp-json\/wp\/v2\/types\/post"}],"author":[{"embeddable":true,"href":"https:\/\/redebeneditina.org.br\/ispx\/wp-json\/wp\/v2\/users\/2"}],"replies":[{"embeddable":true,"href":"https:\/\/redebeneditina.org.br\/ispx\/wp-json\/wp\/v2\/comments?post=38915"}],"version-history":[{"count":2,"href":"https:\/\/redebeneditina.org.br\/ispx\/wp-json\/wp\/v2\/posts\/38915\/revisions"}],"predecessor-version":[{"id":39047,"href":"https:\/\/redebeneditina.org.br\/ispx\/wp-json\/wp\/v2\/posts\/38915\/revisions\/39047"}],"wp:featuredmedia":[{"embeddable":true,"href":"https:\/\/redebeneditina.org.br\/ispx\/wp-json\/wp\/v2\/media\/39045"}],"wp:attachment":[{"href":"https:\/\/redebeneditina.org.br\/ispx\/wp-json\/wp\/v2\/media?parent=38915"}],"wp:term":[{"taxonomy":"category","embeddable":true,"href":"https:\/\/redebeneditina.org.br\/ispx\/wp-json\/wp\/v2\/categories?post=38915"},{"taxonomy":"post_tag","embeddable":true,"href":"https:\/\/redebeneditina.org.br\/ispx\/wp-json\/wp\/v2\/tags?post=38915"}],"curies":[{"name":"wp","href":"https:\/\/api.w.org\/{rel}","templated":true}]}}