{"id":39141,"date":"2025-04-14T16:06:27","date_gmt":"2025-04-14T19:06:27","guid":{"rendered":"https:\/\/redebeneditina.org.br\/ispx\/?p=39141"},"modified":"2025-04-14T16:29:41","modified_gmt":"2025-04-14T19:29:41","slug":"aula-de-robotica-em-movimento","status":"publish","type":"post","link":"https:\/\/redebeneditina.org.br\/ispx\/aula-de-robotica-em-movimento\/","title":{"rendered":"Aula de rob\u00f3tica em movimento &#8211; 8\u00ba ano"},"content":{"rendered":"<p>Na aula de rob\u00f3tica dessa semana os alunos foram convidados a trabalhar com a placa Microbit.<\/p>\n<p>Cada grupo ficou respons\u00e1vel em programar a placa para calcular a quantidade de passados dados.<\/p>\n<p>Com isso realizamos alguns percursos no Instituto com o intuito de por em pr\u00e1tica a programa\u00e7\u00e3o e testar a programa\u00e7\u00e3o.<\/p>\n<p>Ap\u00f3s a pr\u00e1tica conseguimos atrav\u00e9s de c\u00e1lculos matem\u00e1ticos calcular a metragem percorrida no circuito.<\/p>\nngg_shortcode_0_placeholder\n","protected":false},"excerpt":{"rendered":"<p>Na aula de rob\u00f3tica dessa semana os alunos foram convidados a trabalhar com a placa Microbit. Cada grupo ficou respons\u00e1vel em programar a placa para calcular a quantidade de passados dados. Com isso realizamos alguns percursos no Instituto com o intuito de por em pr\u00e1tica a programa\u00e7\u00e3o e testar a programa\u00e7\u00e3o. Ap\u00f3s a pr\u00e1tica conseguimos&#8230;<\/p>\n","protected":false},"author":2,"featured_media":39146,"comment_status":"closed","ping_status":"closed","sticky":false,"template":"","format":"standard","meta":{"_monsterinsights_skip_tracking":false,"_monsterinsights_sitenote_active":false,"_monsterinsights_sitenote_note":"","_monsterinsights_sitenote_category":0,"ngg_post_thumbnail":0,"footnotes":""},"categories":[111,90,82],"tags":[],"class_list":["post-39141","post","type-post","status-publish","format-standard","has-post-thumbnail","hentry","category-noticia-piox-2025","category-ens-fund_ii","category-noticias"],"_links":{"self":[{"href":"https:\/\/redebeneditina.org.br\/ispx\/wp-json\/wp\/v2\/posts\/39141","targetHints":{"allow":["GET"]}}],"collection":[{"href":"https:\/\/redebeneditina.org.br\/ispx\/wp-json\/wp\/v2\/posts"}],"about":[{"href":"https:\/\/redebeneditina.org.br\/ispx\/wp-json\/wp\/v2\/types\/post"}],"author":[{"embeddable":true,"href":"https:\/\/redebeneditina.org.br\/ispx\/wp-json\/wp\/v2\/users\/2"}],"replies":[{"embeddable":true,"href":"https:\/\/redebeneditina.org.br\/ispx\/wp-json\/wp\/v2\/comments?post=39141"}],"version-history":[{"count":2,"href":"https:\/\/redebeneditina.org.br\/ispx\/wp-json\/wp\/v2\/posts\/39141\/revisions"}],"predecessor-version":[{"id":39197,"href":"https:\/\/redebeneditina.org.br\/ispx\/wp-json\/wp\/v2\/posts\/39141\/revisions\/39197"}],"wp:featuredmedia":[{"embeddable":true,"href":"https:\/\/redebeneditina.org.br\/ispx\/wp-json\/wp\/v2\/media\/39146"}],"wp:attachment":[{"href":"https:\/\/redebeneditina.org.br\/ispx\/wp-json\/wp\/v2\/media?parent=39141"}],"wp:term":[{"taxonomy":"category","embeddable":true,"href":"https:\/\/redebeneditina.org.br\/ispx\/wp-json\/wp\/v2\/categories?post=39141"},{"taxonomy":"post_tag","embeddable":true,"href":"https:\/\/redebeneditina.org.br\/ispx\/wp-json\/wp\/v2\/tags?post=39141"}],"curies":[{"name":"wp","href":"https:\/\/api.w.org\/{rel}","templated":true}]}}