{"id":39198,"date":"2025-04-14T16:39:16","date_gmt":"2025-04-14T19:39:16","guid":{"rendered":"https:\/\/redebeneditina.org.br\/ispx\/?p=39198"},"modified":"2025-04-14T16:39:16","modified_gmt":"2025-04-14T19:39:16","slug":"robo-explorador-e-resgate-6-e-7-anos","status":"publish","type":"post","link":"https:\/\/redebeneditina.org.br\/ispx\/robo-explorador-e-resgate-6-e-7-anos\/","title":{"rendered":"Rob\u00f4 Explorador e Resgate &#8211; 6\u00b0 e 7\u00b0 anos"},"content":{"rendered":"<p>Nesta aula de Educa\u00e7\u00e3o Digital, os alunos dos 6\u00b0 e 7\u00b0 anos participaram de uma atividade din\u00e2mica com o tema &#8220;Rob\u00f4 Explorador e Resgate&#8221;. O objetivo foi estimular o racioc\u00ednio l\u00f3gico, a criatividade e o trabalho em equipe, utilizando conceitos b\u00e1sicos de programa\u00e7\u00e3o e rob\u00f3tica.<\/p>\n<p>Durante a atividade, os estudantes simularam miss\u00f5es em que rob\u00f4s precisavam explorar terrenos desconhecidos e resgatar objetos ou personagens em situa\u00e7\u00f5es desafiadoras. A proposta incentivou a resolu\u00e7\u00e3o de problemas e a tomada de decis\u00f5es estrat\u00e9gicas, aproximando os alunos do universo da tecnologia de forma divertida e educativa.<\/p>\nngg_shortcode_0_placeholder\n","protected":false},"excerpt":{"rendered":"<p>Nesta aula de Educa\u00e7\u00e3o Digital, os alunos dos 6\u00b0 e 7\u00b0 anos participaram de uma atividade din\u00e2mica com o tema &#8220;Rob\u00f4 Explorador e Resgate&#8221;. O objetivo foi estimular o racioc\u00ednio l\u00f3gico, a criatividade e o trabalho em equipe, utilizando conceitos b\u00e1sicos de programa\u00e7\u00e3o e rob\u00f3tica. Durante a atividade, os estudantes simularam miss\u00f5es em que rob\u00f4s&#8230;<\/p>\n","protected":false},"author":2,"featured_media":39214,"comment_status":"closed","ping_status":"closed","sticky":false,"template":"","format":"standard","meta":{"_monsterinsights_skip_tracking":false,"_monsterinsights_sitenote_active":false,"_monsterinsights_sitenote_note":"","_monsterinsights_sitenote_category":0,"ngg_post_thumbnail":0,"footnotes":""},"categories":[111,90,82],"tags":[],"class_list":["post-39198","post","type-post","status-publish","format-standard","has-post-thumbnail","hentry","category-noticia-piox-2025","category-ens-fund_ii","category-noticias"],"_links":{"self":[{"href":"https:\/\/redebeneditina.org.br\/ispx\/wp-json\/wp\/v2\/posts\/39198","targetHints":{"allow":["GET"]}}],"collection":[{"href":"https:\/\/redebeneditina.org.br\/ispx\/wp-json\/wp\/v2\/posts"}],"about":[{"href":"https:\/\/redebeneditina.org.br\/ispx\/wp-json\/wp\/v2\/types\/post"}],"author":[{"embeddable":true,"href":"https:\/\/redebeneditina.org.br\/ispx\/wp-json\/wp\/v2\/users\/2"}],"replies":[{"embeddable":true,"href":"https:\/\/redebeneditina.org.br\/ispx\/wp-json\/wp\/v2\/comments?post=39198"}],"version-history":[{"count":1,"href":"https:\/\/redebeneditina.org.br\/ispx\/wp-json\/wp\/v2\/posts\/39198\/revisions"}],"predecessor-version":[{"id":39215,"href":"https:\/\/redebeneditina.org.br\/ispx\/wp-json\/wp\/v2\/posts\/39198\/revisions\/39215"}],"wp:featuredmedia":[{"embeddable":true,"href":"https:\/\/redebeneditina.org.br\/ispx\/wp-json\/wp\/v2\/media\/39214"}],"wp:attachment":[{"href":"https:\/\/redebeneditina.org.br\/ispx\/wp-json\/wp\/v2\/media?parent=39198"}],"wp:term":[{"taxonomy":"category","embeddable":true,"href":"https:\/\/redebeneditina.org.br\/ispx\/wp-json\/wp\/v2\/categories?post=39198"},{"taxonomy":"post_tag","embeddable":true,"href":"https:\/\/redebeneditina.org.br\/ispx\/wp-json\/wp\/v2\/tags?post=39198"}],"curies":[{"name":"wp","href":"https:\/\/api.w.org\/{rel}","templated":true}]}}