{"id":39362,"date":"2025-04-22T19:08:11","date_gmt":"2025-04-22T22:08:11","guid":{"rendered":"https:\/\/redebeneditina.org.br\/ispx\/?p=39362"},"modified":"2025-04-22T19:08:11","modified_gmt":"2025-04-22T22:08:11","slug":"9o-ano-explora-fluidos-nao-newtonianos-no-laboratorio","status":"publish","type":"post","link":"https:\/\/redebeneditina.org.br\/ispx\/9o-ano-explora-fluidos-nao-newtonianos-no-laboratorio\/","title":{"rendered":"9\u00ba ano explora fluidos n\u00e3o-newtonianos no laborat\u00f3rio"},"content":{"rendered":"<p>Em 22 de abril, na aula de F\u00edsica, os alunos do 9\u00ba ano A fizeram aula pr\u00e1tica de laborat\u00f3rio sobre fluidos n\u00e3o-newtonianos usando \u00e1gua, amido de milho e corante. Os fluidos n\u00e3o-newtonianos s\u00e3o fluidos que t\u00eam caracter\u00edsticas diferentes dos fluidos newtonianos, ou seja, tal como a areia movedi\u00e7a t\u00eam uma viscosidade que varia conforme a press\u00e3o aplicada sobre a mat\u00e9ria. Assim, quando este l\u00edquido sofre press\u00e3o, fica duro como pedra, mas sem press\u00e3o parece \u00e1gua. Momentos de descoberta e aprendizagem.<\/p>\nngg_shortcode_0_placeholder\n","protected":false},"excerpt":{"rendered":"<p>Em 22 de abril, na aula de F\u00edsica, os alunos do 9\u00ba ano A fizeram aula pr\u00e1tica de laborat\u00f3rio sobre fluidos n\u00e3o-newtonianos usando \u00e1gua, amido de milho e corante. Os fluidos n\u00e3o-newtonianos s\u00e3o fluidos que t\u00eam caracter\u00edsticas diferentes dos fluidos newtonianos, ou seja, tal como a areia movedi\u00e7a t\u00eam uma viscosidade que varia conforme a&#8230;<\/p>\n","protected":false},"author":2,"featured_media":39370,"comment_status":"closed","ping_status":"closed","sticky":false,"template":"","format":"standard","meta":{"_monsterinsights_skip_tracking":false,"_monsterinsights_sitenote_active":false,"_monsterinsights_sitenote_note":"","_monsterinsights_sitenote_category":0,"ngg_post_thumbnail":0,"footnotes":""},"categories":[111,90,82],"tags":[],"class_list":["post-39362","post","type-post","status-publish","format-standard","has-post-thumbnail","hentry","category-noticia-piox-2025","category-ens-fund_ii","category-noticias"],"_links":{"self":[{"href":"https:\/\/redebeneditina.org.br\/ispx\/wp-json\/wp\/v2\/posts\/39362","targetHints":{"allow":["GET"]}}],"collection":[{"href":"https:\/\/redebeneditina.org.br\/ispx\/wp-json\/wp\/v2\/posts"}],"about":[{"href":"https:\/\/redebeneditina.org.br\/ispx\/wp-json\/wp\/v2\/types\/post"}],"author":[{"embeddable":true,"href":"https:\/\/redebeneditina.org.br\/ispx\/wp-json\/wp\/v2\/users\/2"}],"replies":[{"embeddable":true,"href":"https:\/\/redebeneditina.org.br\/ispx\/wp-json\/wp\/v2\/comments?post=39362"}],"version-history":[{"count":1,"href":"https:\/\/redebeneditina.org.br\/ispx\/wp-json\/wp\/v2\/posts\/39362\/revisions"}],"predecessor-version":[{"id":39371,"href":"https:\/\/redebeneditina.org.br\/ispx\/wp-json\/wp\/v2\/posts\/39362\/revisions\/39371"}],"wp:featuredmedia":[{"embeddable":true,"href":"https:\/\/redebeneditina.org.br\/ispx\/wp-json\/wp\/v2\/media\/39370"}],"wp:attachment":[{"href":"https:\/\/redebeneditina.org.br\/ispx\/wp-json\/wp\/v2\/media?parent=39362"}],"wp:term":[{"taxonomy":"category","embeddable":true,"href":"https:\/\/redebeneditina.org.br\/ispx\/wp-json\/wp\/v2\/categories?post=39362"},{"taxonomy":"post_tag","embeddable":true,"href":"https:\/\/redebeneditina.org.br\/ispx\/wp-json\/wp\/v2\/tags?post=39362"}],"curies":[{"name":"wp","href":"https:\/\/api.w.org\/{rel}","templated":true}]}}