{"id":39406,"date":"2025-04-23T14:30:07","date_gmt":"2025-04-23T17:30:07","guid":{"rendered":"https:\/\/redebeneditina.org.br\/ispx\/?p=39406"},"modified":"2025-04-23T14:30:07","modified_gmt":"2025-04-23T17:30:07","slug":"robotica-e-avioes-9o-ano","status":"publish","type":"post","link":"https:\/\/redebeneditina.org.br\/ispx\/robotica-e-avioes-9o-ano\/","title":{"rendered":"Rob\u00f3tica e avi\u00f5es &#8211; 9\u00ba ano"},"content":{"rendered":"<p>Rob\u00f3tica e avi\u00f5es?<\/p>\n<p>Sim. Hoje os alunos do 9\u00ba ano foram convidados a entender de que forma os avi\u00f5es voam e a entender as for\u00e7as que agem para que o mesmo possa voar.<\/p>\n<p>Com isso constru\u00edmos um lan\u00e7ador de avi\u00f5es para ent\u00e3o por em pr\u00e1tica a teoria aprendida na aula de hoje.<\/p>\nngg_shortcode_0_placeholder\n","protected":false},"excerpt":{"rendered":"<p>Rob\u00f3tica e avi\u00f5es? Sim. Hoje os alunos do 9\u00ba ano foram convidados a entender de que forma os avi\u00f5es voam e a entender as for\u00e7as que agem para que o mesmo possa voar. Com isso constru\u00edmos um lan\u00e7ador de avi\u00f5es para ent\u00e3o por em pr\u00e1tica a teoria aprendida na aula de hoje.<\/p>\n","protected":false},"author":2,"featured_media":39420,"comment_status":"closed","ping_status":"closed","sticky":false,"template":"","format":"standard","meta":{"_monsterinsights_skip_tracking":false,"_monsterinsights_sitenote_active":false,"_monsterinsights_sitenote_note":"","_monsterinsights_sitenote_category":0,"ngg_post_thumbnail":0,"footnotes":""},"categories":[111,90,82],"tags":[],"class_list":["post-39406","post","type-post","status-publish","format-standard","has-post-thumbnail","hentry","category-noticia-piox-2025","category-ens-fund_ii","category-noticias"],"_links":{"self":[{"href":"https:\/\/redebeneditina.org.br\/ispx\/wp-json\/wp\/v2\/posts\/39406","targetHints":{"allow":["GET"]}}],"collection":[{"href":"https:\/\/redebeneditina.org.br\/ispx\/wp-json\/wp\/v2\/posts"}],"about":[{"href":"https:\/\/redebeneditina.org.br\/ispx\/wp-json\/wp\/v2\/types\/post"}],"author":[{"embeddable":true,"href":"https:\/\/redebeneditina.org.br\/ispx\/wp-json\/wp\/v2\/users\/2"}],"replies":[{"embeddable":true,"href":"https:\/\/redebeneditina.org.br\/ispx\/wp-json\/wp\/v2\/comments?post=39406"}],"version-history":[{"count":1,"href":"https:\/\/redebeneditina.org.br\/ispx\/wp-json\/wp\/v2\/posts\/39406\/revisions"}],"predecessor-version":[{"id":39421,"href":"https:\/\/redebeneditina.org.br\/ispx\/wp-json\/wp\/v2\/posts\/39406\/revisions\/39421"}],"wp:featuredmedia":[{"embeddable":true,"href":"https:\/\/redebeneditina.org.br\/ispx\/wp-json\/wp\/v2\/media\/39420"}],"wp:attachment":[{"href":"https:\/\/redebeneditina.org.br\/ispx\/wp-json\/wp\/v2\/media?parent=39406"}],"wp:term":[{"taxonomy":"category","embeddable":true,"href":"https:\/\/redebeneditina.org.br\/ispx\/wp-json\/wp\/v2\/categories?post=39406"},{"taxonomy":"post_tag","embeddable":true,"href":"https:\/\/redebeneditina.org.br\/ispx\/wp-json\/wp\/v2\/tags?post=39406"}],"curies":[{"name":"wp","href":"https:\/\/api.w.org\/{rel}","templated":true}]}}