{"id":40105,"date":"2025-04-29T12:14:30","date_gmt":"2025-04-29T15:14:30","guid":{"rendered":"https:\/\/redebeneditina.org.br\/ispx\/?p=40105"},"modified":"2025-04-30T11:37:02","modified_gmt":"2025-04-30T14:37:02","slug":"missa-de-pascoa-do-instituto-sao-pio-x","status":"publish","type":"post","link":"https:\/\/redebeneditina.org.br\/ispx\/missa-de-pascoa-do-instituto-sao-pio-x\/","title":{"rendered":"Missa de P\u00e1scoa do Instituto S\u00e3o Pio X"},"content":{"rendered":"<p>Nesta manh\u00e3 especial, nossos alunos participaram da Missa de P\u00e1scoa, celebrando com f\u00e9, alegria e gratid\u00e3o a ressurrei\u00e7\u00e3o de Cristo.<\/p>\n<p>Nossos alunos retornam da Missa de P\u00e1scoa levando consigo a mensagem de esperan\u00e7a e renova\u00e7\u00e3o, que o amor e a esperan\u00e7a do Senhor renas\u00e7am todos os dias em nossos cora\u00e7\u00f5es !<\/p>\nngg_shortcode_0_placeholder\n","protected":false},"excerpt":{"rendered":"<p>Nesta manh\u00e3 especial, nossos alunos participaram da Missa de P\u00e1scoa, celebrando com f\u00e9, alegria e gratid\u00e3o a ressurrei\u00e7\u00e3o de Cristo. Nossos alunos retornam da Missa de P\u00e1scoa levando consigo a mensagem de esperan\u00e7a e renova\u00e7\u00e3o, que o amor e a esperan\u00e7a do Senhor renas\u00e7am todos os dias em nossos cora\u00e7\u00f5es ! &nbsp;<\/p>\n","protected":false},"author":2,"featured_media":40151,"comment_status":"closed","ping_status":"closed","sticky":false,"template":"","format":"standard","meta":{"_monsterinsights_skip_tracking":false,"_monsterinsights_sitenote_active":false,"_monsterinsights_sitenote_note":"","_monsterinsights_sitenote_category":0,"ngg_post_thumbnail":0,"footnotes":""},"categories":[111,90,82,96],"tags":[],"class_list":["post-40105","post","type-post","status-publish","format-standard","has-post-thumbnail","hentry","category-noticia-piox-2025","category-ens-fund_ii","category-noticias","category-pastoral-escolar"],"_links":{"self":[{"href":"https:\/\/redebeneditina.org.br\/ispx\/wp-json\/wp\/v2\/posts\/40105","targetHints":{"allow":["GET"]}}],"collection":[{"href":"https:\/\/redebeneditina.org.br\/ispx\/wp-json\/wp\/v2\/posts"}],"about":[{"href":"https:\/\/redebeneditina.org.br\/ispx\/wp-json\/wp\/v2\/types\/post"}],"author":[{"embeddable":true,"href":"https:\/\/redebeneditina.org.br\/ispx\/wp-json\/wp\/v2\/users\/2"}],"replies":[{"embeddable":true,"href":"https:\/\/redebeneditina.org.br\/ispx\/wp-json\/wp\/v2\/comments?post=40105"}],"version-history":[{"count":1,"href":"https:\/\/redebeneditina.org.br\/ispx\/wp-json\/wp\/v2\/posts\/40105\/revisions"}],"predecessor-version":[{"id":40152,"href":"https:\/\/redebeneditina.org.br\/ispx\/wp-json\/wp\/v2\/posts\/40105\/revisions\/40152"}],"wp:featuredmedia":[{"embeddable":true,"href":"https:\/\/redebeneditina.org.br\/ispx\/wp-json\/wp\/v2\/media\/40151"}],"wp:attachment":[{"href":"https:\/\/redebeneditina.org.br\/ispx\/wp-json\/wp\/v2\/media?parent=40105"}],"wp:term":[{"taxonomy":"category","embeddable":true,"href":"https:\/\/redebeneditina.org.br\/ispx\/wp-json\/wp\/v2\/categories?post=40105"},{"taxonomy":"post_tag","embeddable":true,"href":"https:\/\/redebeneditina.org.br\/ispx\/wp-json\/wp\/v2\/tags?post=40105"}],"curies":[{"name":"wp","href":"https:\/\/api.w.org\/{rel}","templated":true}]}}