{"id":40155,"date":"2025-04-30T11:32:43","date_gmt":"2025-04-30T14:32:43","guid":{"rendered":"https:\/\/redebeneditina.org.br\/ispx\/?p=40155"},"modified":"2025-05-19T10:30:49","modified_gmt":"2025-05-19T13:30:49","slug":"lancamento-de-foguetes-obafog-2025-8-e-9-anos","status":"publish","type":"post","link":"https:\/\/redebeneditina.org.br\/ispx\/lancamento-de-foguetes-obafog-2025-8-e-9-anos\/","title":{"rendered":"Lan\u00e7amento de Foguetes \u2013 OBAFOG 2025  &#8211; 8\u00b0 e 9\u00b0 anos"},"content":{"rendered":"<p class=\"\" data-start=\"173\" data-end=\"465\">Os alunos dos 8\u00b0anos e 9\u00b0ano participaram no dia 29 de abril, no quartel de Quita\u00fana, da OBAFOG 2025.<\/p>\n<p class=\"\" data-start=\"173\" data-end=\"465\">Lan\u00e7amento de foguetes de garrafa pet com um est\u00e1gio, n\u00edvel 3. Esse est\u00e1gio \u00e9 com ar comprimido e \u00e1gua.<\/p>\n<p class=\"\" data-start=\"173\" data-end=\"465\">Experimento pr\u00e1tico, muito aprendizado valorizando o trabalho em equipe e a habilidade de montar o foguete na base e lan\u00e7\u00e1-lo o mais distante poss\u00edvel. Foram brilhantes!<\/p>\nngg_shortcode_0_placeholder\n","protected":false},"excerpt":{"rendered":"<p>Os alunos dos 8\u00b0anos e 9\u00b0ano participaram no dia 29 de abril, no quartel de Quita\u00fana, da OBAFOG 2025. Lan\u00e7amento de foguetes de garrafa pet com um est\u00e1gio, n\u00edvel 3. Esse est\u00e1gio \u00e9 com ar comprimido e \u00e1gua. Experimento pr\u00e1tico, muito aprendizado valorizando o trabalho em equipe e a habilidade de montar o foguete na&#8230;<\/p>\n","protected":false},"author":2,"featured_media":40197,"comment_status":"closed","ping_status":"closed","sticky":false,"template":"","format":"standard","meta":{"_monsterinsights_skip_tracking":false,"_monsterinsights_sitenote_active":false,"_monsterinsights_sitenote_note":"","_monsterinsights_sitenote_category":0,"ngg_post_thumbnail":0,"footnotes":""},"categories":[111,90,82],"tags":[],"class_list":["post-40155","post","type-post","status-publish","format-standard","has-post-thumbnail","hentry","category-noticia-piox-2025","category-ens-fund_ii","category-noticias"],"_links":{"self":[{"href":"https:\/\/redebeneditina.org.br\/ispx\/wp-json\/wp\/v2\/posts\/40155","targetHints":{"allow":["GET"]}}],"collection":[{"href":"https:\/\/redebeneditina.org.br\/ispx\/wp-json\/wp\/v2\/posts"}],"about":[{"href":"https:\/\/redebeneditina.org.br\/ispx\/wp-json\/wp\/v2\/types\/post"}],"author":[{"embeddable":true,"href":"https:\/\/redebeneditina.org.br\/ispx\/wp-json\/wp\/v2\/users\/2"}],"replies":[{"embeddable":true,"href":"https:\/\/redebeneditina.org.br\/ispx\/wp-json\/wp\/v2\/comments?post=40155"}],"version-history":[{"count":7,"href":"https:\/\/redebeneditina.org.br\/ispx\/wp-json\/wp\/v2\/posts\/40155\/revisions"}],"predecessor-version":[{"id":41509,"href":"https:\/\/redebeneditina.org.br\/ispx\/wp-json\/wp\/v2\/posts\/40155\/revisions\/41509"}],"wp:featuredmedia":[{"embeddable":true,"href":"https:\/\/redebeneditina.org.br\/ispx\/wp-json\/wp\/v2\/media\/40197"}],"wp:attachment":[{"href":"https:\/\/redebeneditina.org.br\/ispx\/wp-json\/wp\/v2\/media?parent=40155"}],"wp:term":[{"taxonomy":"category","embeddable":true,"href":"https:\/\/redebeneditina.org.br\/ispx\/wp-json\/wp\/v2\/categories?post=40155"},{"taxonomy":"post_tag","embeddable":true,"href":"https:\/\/redebeneditina.org.br\/ispx\/wp-json\/wp\/v2\/tags?post=40155"}],"curies":[{"name":"wp","href":"https:\/\/api.w.org\/{rel}","templated":true}]}}