{"id":40314,"date":"2025-05-01T10:46:00","date_gmt":"2025-05-01T13:46:00","guid":{"rendered":"https:\/\/redebeneditina.org.br\/ispx\/?p=40314"},"modified":"2025-05-02T10:47:14","modified_gmt":"2025-05-02T13:47:14","slug":"voce-sabe-por-que-o-dia-do-trabalho-e-comemorado-em-1o-de-maio","status":"publish","type":"post","link":"https:\/\/redebeneditina.org.br\/ispx\/voce-sabe-por-que-o-dia-do-trabalho-e-comemorado-em-1o-de-maio\/","title":{"rendered":"Voc\u00ea sabe por que o Dia do Trabalho \u00e9 comemorado em 1\u00ba de maio?"},"content":{"rendered":"<p>Essa data surgiu no s\u00e9culo XIX, quando trabalhadores nos Estados Unidos protestaram por melhores condi\u00e7\u00f5es e jornada de 8 horas. No Brasil, ela marca a luta e a valoriza\u00e7\u00e3o de todos os profissionais. Mais do que um feriado, \u00e9 um convite \u00e0 reflex\u00e3o sobre direitos, deveres e dignidade no trabalho.<\/p>\n<p>Confira o v\u00eddeo no nosso Instagram com a explica\u00e7\u00e3o do Professor Marcelo: <a href=\"https:\/\/www.instagram.com\/p\/DJFZNfSyipL\/\">https:\/\/www.instagram.com\/p\/DJFZNfSyipL\/<\/a><\/p>\n","protected":false},"excerpt":{"rendered":"<p>Essa data surgiu no s\u00e9culo XIX, quando trabalhadores nos Estados Unidos protestaram por melhores condi\u00e7\u00f5es e jornada de 8 horas. No Brasil, ela marca a luta e a valoriza\u00e7\u00e3o de todos os profissionais. Mais do que um feriado, \u00e9 um convite \u00e0 reflex\u00e3o sobre direitos, deveres e dignidade no trabalho. Confira o v\u00eddeo no nosso&#8230;<\/p>\n","protected":false},"author":2,"featured_media":40315,"comment_status":"closed","ping_status":"closed","sticky":false,"template":"","format":"standard","meta":{"_monsterinsights_skip_tracking":false,"_monsterinsights_sitenote_active":false,"_monsterinsights_sitenote_note":"","_monsterinsights_sitenote_category":0,"ngg_post_thumbnail":0,"footnotes":""},"categories":[111,88,89,90,91,82],"tags":[],"class_list":["post-40314","post","type-post","status-publish","format-standard","has-post-thumbnail","hentry","category-noticia-piox-2025","category-ed-infantil","category-ens-fund_i","category-ens-fund_ii","category-ens-medio","category-noticias"],"_links":{"self":[{"href":"https:\/\/redebeneditina.org.br\/ispx\/wp-json\/wp\/v2\/posts\/40314","targetHints":{"allow":["GET"]}}],"collection":[{"href":"https:\/\/redebeneditina.org.br\/ispx\/wp-json\/wp\/v2\/posts"}],"about":[{"href":"https:\/\/redebeneditina.org.br\/ispx\/wp-json\/wp\/v2\/types\/post"}],"author":[{"embeddable":true,"href":"https:\/\/redebeneditina.org.br\/ispx\/wp-json\/wp\/v2\/users\/2"}],"replies":[{"embeddable":true,"href":"https:\/\/redebeneditina.org.br\/ispx\/wp-json\/wp\/v2\/comments?post=40314"}],"version-history":[{"count":1,"href":"https:\/\/redebeneditina.org.br\/ispx\/wp-json\/wp\/v2\/posts\/40314\/revisions"}],"predecessor-version":[{"id":40316,"href":"https:\/\/redebeneditina.org.br\/ispx\/wp-json\/wp\/v2\/posts\/40314\/revisions\/40316"}],"wp:featuredmedia":[{"embeddable":true,"href":"https:\/\/redebeneditina.org.br\/ispx\/wp-json\/wp\/v2\/media\/40315"}],"wp:attachment":[{"href":"https:\/\/redebeneditina.org.br\/ispx\/wp-json\/wp\/v2\/media?parent=40314"}],"wp:term":[{"taxonomy":"category","embeddable":true,"href":"https:\/\/redebeneditina.org.br\/ispx\/wp-json\/wp\/v2\/categories?post=40314"},{"taxonomy":"post_tag","embeddable":true,"href":"https:\/\/redebeneditina.org.br\/ispx\/wp-json\/wp\/v2\/tags?post=40314"}],"curies":[{"name":"wp","href":"https:\/\/api.w.org\/{rel}","templated":true}]}}