{"id":40321,"date":"2025-04-30T21:01:50","date_gmt":"2025-05-01T00:01:50","guid":{"rendered":"https:\/\/redebeneditina.org.br\/ispx\/?p=40321"},"modified":"2025-05-03T21:22:35","modified_gmt":"2025-05-04T00:22:35","slug":"lancamento-de-foguetes-obafog-2025-6-e-7-anos","status":"publish","type":"post","link":"https:\/\/redebeneditina.org.br\/ispx\/lancamento-de-foguetes-obafog-2025-6-e-7-anos\/","title":{"rendered":"Lan\u00e7amento de Foguetes \u2013 OBAFOG 2025 \u2013 6\u00b0 e 7\u00b0 anos"},"content":{"rendered":"<p class=\"\" data-start=\"101\" data-end=\"192\">Os alunos dos 6\u00ba e 7\u00ba anos participaram da OBAFOG 2025, realizada no quartel de Quita\u00fana.<\/p>\n<p class=\"\" data-start=\"194\" data-end=\"351\">Durante o evento, realizaram o lan\u00e7amento de foguetes feitos com garrafa PET, em est\u00e1gio \u00fanico (n\u00edvel 3), utilizando ar comprimido e \u00e1gua como propulsores.<\/p>\n<p class=\"\" data-start=\"353\" data-end=\"600\">Foi uma experi\u00eancia pr\u00e1tica repleta de aprendizados, que incentivou o trabalho em equipe e o desenvolvimento de habilidades t\u00e9cnicas na montagem e lan\u00e7amento dos foguetes.<\/p>\n<p class=\"\" data-start=\"353\" data-end=\"600\">Nossos alunos se destacaram com entusiasmo e dedica\u00e7\u00e3o. Parab\u00e9ns a todos!<\/p>\nngg_shortcode_0_placeholder\n","protected":false},"excerpt":{"rendered":"<p>Os alunos dos 6\u00ba e 7\u00ba anos participaram da OBAFOG 2025, realizada no quartel de Quita\u00fana. Durante o evento, realizaram o lan\u00e7amento de foguetes feitos com garrafa PET, em est\u00e1gio \u00fanico (n\u00edvel 3), utilizando ar comprimido e \u00e1gua como propulsores. Foi uma experi\u00eancia pr\u00e1tica repleta de aprendizados, que incentivou o trabalho em equipe e o&#8230;<\/p>\n","protected":false},"author":2,"featured_media":40362,"comment_status":"closed","ping_status":"closed","sticky":false,"template":"","format":"standard","meta":{"_monsterinsights_skip_tracking":false,"_monsterinsights_sitenote_active":false,"_monsterinsights_sitenote_note":"","_monsterinsights_sitenote_category":0,"ngg_post_thumbnail":0,"footnotes":""},"categories":[111,90,82],"tags":[],"class_list":["post-40321","post","type-post","status-publish","format-standard","has-post-thumbnail","hentry","category-noticia-piox-2025","category-ens-fund_ii","category-noticias"],"_links":{"self":[{"href":"https:\/\/redebeneditina.org.br\/ispx\/wp-json\/wp\/v2\/posts\/40321","targetHints":{"allow":["GET"]}}],"collection":[{"href":"https:\/\/redebeneditina.org.br\/ispx\/wp-json\/wp\/v2\/posts"}],"about":[{"href":"https:\/\/redebeneditina.org.br\/ispx\/wp-json\/wp\/v2\/types\/post"}],"author":[{"embeddable":true,"href":"https:\/\/redebeneditina.org.br\/ispx\/wp-json\/wp\/v2\/users\/2"}],"replies":[{"embeddable":true,"href":"https:\/\/redebeneditina.org.br\/ispx\/wp-json\/wp\/v2\/comments?post=40321"}],"version-history":[{"count":1,"href":"https:\/\/redebeneditina.org.br\/ispx\/wp-json\/wp\/v2\/posts\/40321\/revisions"}],"predecessor-version":[{"id":40363,"href":"https:\/\/redebeneditina.org.br\/ispx\/wp-json\/wp\/v2\/posts\/40321\/revisions\/40363"}],"wp:featuredmedia":[{"embeddable":true,"href":"https:\/\/redebeneditina.org.br\/ispx\/wp-json\/wp\/v2\/media\/40362"}],"wp:attachment":[{"href":"https:\/\/redebeneditina.org.br\/ispx\/wp-json\/wp\/v2\/media?parent=40321"}],"wp:term":[{"taxonomy":"category","embeddable":true,"href":"https:\/\/redebeneditina.org.br\/ispx\/wp-json\/wp\/v2\/categories?post=40321"},{"taxonomy":"post_tag","embeddable":true,"href":"https:\/\/redebeneditina.org.br\/ispx\/wp-json\/wp\/v2\/tags?post=40321"}],"curies":[{"name":"wp","href":"https:\/\/api.w.org\/{rel}","templated":true}]}}