{"id":40403,"date":"2025-05-05T08:42:44","date_gmt":"2025-05-05T11:42:44","guid":{"rendered":"https:\/\/redebeneditina.org.br\/ispx\/?p=40403"},"modified":"2025-05-05T08:42:44","modified_gmt":"2025-05-05T11:42:44","slug":"homenagem-das-turmas-do-6o-ano-as-maes","status":"publish","type":"post","link":"https:\/\/redebeneditina.org.br\/ispx\/homenagem-das-turmas-do-6o-ano-as-maes\/","title":{"rendered":"Homenagem das Turmas do 6\u00ba Ano \u00e0s M\u00e3es"},"content":{"rendered":"<p>&#8220;N\u00e3o \u00e9 sobre ter todas as pessoas do mundo pra si, \u00e9 sobre saber que em algum lugar algu\u00e9m zela por ti&#8230;&#8221;<\/p>\n<p>Hoje os alunos dos 6\u00ba anos emocionaram com uma apresenta\u00e7\u00e3o especial em homenagem ao Dia das M\u00e3es. Ao som de Trem Bala, eles n\u00e3o apenas cantaram, mas tamb\u00e9m refor\u00e7aram a import\u00e2ncia de fortalecer os la\u00e7os com quem mais os ama.<\/p>\n<p>Nesta fase em que muitos come\u00e7am a buscar mais independ\u00eancia, nosso prop\u00f3sito foi lembrar que o amor e a conex\u00e3o com a fam\u00edlia continuam sendo o porto seguro de cada um.<\/p>\nngg_shortcode_0_placeholder\n","protected":false},"excerpt":{"rendered":"<p>&#8220;N\u00e3o \u00e9 sobre ter todas as pessoas do mundo pra si, \u00e9 sobre saber que em algum lugar algu\u00e9m zela por ti&#8230;&#8221; Hoje os alunos dos 6\u00ba anos emocionaram com uma apresenta\u00e7\u00e3o especial em homenagem ao Dia das M\u00e3es. Ao som de Trem Bala, eles n\u00e3o apenas cantaram, mas tamb\u00e9m refor\u00e7aram a import\u00e2ncia de fortalecer&#8230;<\/p>\n","protected":false},"author":2,"featured_media":40445,"comment_status":"closed","ping_status":"closed","sticky":false,"template":"","format":"standard","meta":{"_monsterinsights_skip_tracking":false,"_monsterinsights_sitenote_active":false,"_monsterinsights_sitenote_note":"","_monsterinsights_sitenote_category":0,"ngg_post_thumbnail":0,"footnotes":""},"categories":[111,90,82],"tags":[],"class_list":["post-40403","post","type-post","status-publish","format-standard","has-post-thumbnail","hentry","category-noticia-piox-2025","category-ens-fund_ii","category-noticias"],"_links":{"self":[{"href":"https:\/\/redebeneditina.org.br\/ispx\/wp-json\/wp\/v2\/posts\/40403","targetHints":{"allow":["GET"]}}],"collection":[{"href":"https:\/\/redebeneditina.org.br\/ispx\/wp-json\/wp\/v2\/posts"}],"about":[{"href":"https:\/\/redebeneditina.org.br\/ispx\/wp-json\/wp\/v2\/types\/post"}],"author":[{"embeddable":true,"href":"https:\/\/redebeneditina.org.br\/ispx\/wp-json\/wp\/v2\/users\/2"}],"replies":[{"embeddable":true,"href":"https:\/\/redebeneditina.org.br\/ispx\/wp-json\/wp\/v2\/comments?post=40403"}],"version-history":[{"count":1,"href":"https:\/\/redebeneditina.org.br\/ispx\/wp-json\/wp\/v2\/posts\/40403\/revisions"}],"predecessor-version":[{"id":40446,"href":"https:\/\/redebeneditina.org.br\/ispx\/wp-json\/wp\/v2\/posts\/40403\/revisions\/40446"}],"wp:featuredmedia":[{"embeddable":true,"href":"https:\/\/redebeneditina.org.br\/ispx\/wp-json\/wp\/v2\/media\/40445"}],"wp:attachment":[{"href":"https:\/\/redebeneditina.org.br\/ispx\/wp-json\/wp\/v2\/media?parent=40403"}],"wp:term":[{"taxonomy":"category","embeddable":true,"href":"https:\/\/redebeneditina.org.br\/ispx\/wp-json\/wp\/v2\/categories?post=40403"},{"taxonomy":"post_tag","embeddable":true,"href":"https:\/\/redebeneditina.org.br\/ispx\/wp-json\/wp\/v2\/tags?post=40403"}],"curies":[{"name":"wp","href":"https:\/\/api.w.org\/{rel}","templated":true}]}}