{"id":40501,"date":"2025-05-06T16:46:46","date_gmt":"2025-05-06T19:46:46","guid":{"rendered":"https:\/\/redebeneditina.org.br\/ispx\/?p=40501"},"modified":"2025-05-06T16:46:46","modified_gmt":"2025-05-06T19:46:46","slug":"7o-ano-homenageia-as-mamaes","status":"publish","type":"post","link":"https:\/\/redebeneditina.org.br\/ispx\/7o-ano-homenageia-as-mamaes\/","title":{"rendered":"7\u00ba ano homenageia as mam\u00e3es"},"content":{"rendered":"<p>&#8220;Te amarei de janeiro a janeiro, at\u00e9 o mundo acabar&#8221;\u2026 E mesmo assim voc\u00ea ainda vai ouvir: &#8220;Voc\u00ea n\u00e3o \u00e9 todo mundo!&#8221;<\/p>\n<p>Hoje, os alunos dos 7\u00ba anos emocionaram e arrancaram risadas com uma linda homenagem especial \u2014 vestidos de mam\u00e3es, cantando com amor e lembrando aquelas frases cl\u00e1ssicas que s\u00f3 m\u00e3e sabe dizer!<\/p>\nngg_shortcode_0_placeholder\n","protected":false},"excerpt":{"rendered":"<p>&#8220;Te amarei de janeiro a janeiro, at\u00e9 o mundo acabar&#8221;\u2026 E mesmo assim voc\u00ea ainda vai ouvir: &#8220;Voc\u00ea n\u00e3o \u00e9 todo mundo!&#8221; Hoje, os alunos dos 7\u00ba anos emocionaram e arrancaram risadas com uma linda homenagem especial \u2014 vestidos de mam\u00e3es, cantando com amor e lembrando aquelas frases cl\u00e1ssicas que s\u00f3 m\u00e3e sabe dizer!<\/p>\n","protected":false},"author":2,"featured_media":40523,"comment_status":"closed","ping_status":"closed","sticky":false,"template":"","format":"standard","meta":{"_monsterinsights_skip_tracking":false,"_monsterinsights_sitenote_active":false,"_monsterinsights_sitenote_note":"","_monsterinsights_sitenote_category":0,"ngg_post_thumbnail":0,"footnotes":""},"categories":[111,90,82],"tags":[],"class_list":["post-40501","post","type-post","status-publish","format-standard","has-post-thumbnail","hentry","category-noticia-piox-2025","category-ens-fund_ii","category-noticias"],"_links":{"self":[{"href":"https:\/\/redebeneditina.org.br\/ispx\/wp-json\/wp\/v2\/posts\/40501","targetHints":{"allow":["GET"]}}],"collection":[{"href":"https:\/\/redebeneditina.org.br\/ispx\/wp-json\/wp\/v2\/posts"}],"about":[{"href":"https:\/\/redebeneditina.org.br\/ispx\/wp-json\/wp\/v2\/types\/post"}],"author":[{"embeddable":true,"href":"https:\/\/redebeneditina.org.br\/ispx\/wp-json\/wp\/v2\/users\/2"}],"replies":[{"embeddable":true,"href":"https:\/\/redebeneditina.org.br\/ispx\/wp-json\/wp\/v2\/comments?post=40501"}],"version-history":[{"count":1,"href":"https:\/\/redebeneditina.org.br\/ispx\/wp-json\/wp\/v2\/posts\/40501\/revisions"}],"predecessor-version":[{"id":40524,"href":"https:\/\/redebeneditina.org.br\/ispx\/wp-json\/wp\/v2\/posts\/40501\/revisions\/40524"}],"wp:featuredmedia":[{"embeddable":true,"href":"https:\/\/redebeneditina.org.br\/ispx\/wp-json\/wp\/v2\/media\/40523"}],"wp:attachment":[{"href":"https:\/\/redebeneditina.org.br\/ispx\/wp-json\/wp\/v2\/media?parent=40501"}],"wp:term":[{"taxonomy":"category","embeddable":true,"href":"https:\/\/redebeneditina.org.br\/ispx\/wp-json\/wp\/v2\/categories?post=40501"},{"taxonomy":"post_tag","embeddable":true,"href":"https:\/\/redebeneditina.org.br\/ispx\/wp-json\/wp\/v2\/tags?post=40501"}],"curies":[{"name":"wp","href":"https:\/\/api.w.org\/{rel}","templated":true}]}}