{"id":40546,"date":"2025-05-07T11:29:45","date_gmt":"2025-05-07T14:29:45","guid":{"rendered":"https:\/\/redebeneditina.org.br\/ispx\/?p=40546"},"modified":"2025-05-07T12:14:52","modified_gmt":"2025-05-07T15:14:52","slug":"homenagem-do-8o-ano-dia-das-maes","status":"publish","type":"post","link":"https:\/\/redebeneditina.org.br\/ispx\/homenagem-do-8o-ano-dia-das-maes\/","title":{"rendered":"Homenagem do 8\u00ba ano \u2013 Dia das M\u00e3es"},"content":{"rendered":"<p class=\"\" data-start=\"154\" data-end=\"305\">Em um momento repleto de carinho, emo\u00e7\u00e3o e gratid\u00e3o, os alunos do 8\u00ba ano do Instituto S\u00e3o Pio X prepararam uma linda homenagem para celebrar o Dia das M\u00e3es.&nbsp;<\/p>\n<p class=\"\" data-start=\"307\" data-end=\"547\">Com vozes cheias de ternura, eles encantaram a todos ao cantarem as m\u00fasicas &#8220;Trevo (Tu)&#8221; e &#8220;Voc\u00ea \u00e9 Assim (Um Sonho pra Mim)&#8221; \u2014 can\u00e7\u00f5es escolhidas com o cora\u00e7\u00e3o para expressar o amor incondicional por essas mulheres t\u00e3o especiais.&nbsp;<\/p>\n<p class=\"\" data-start=\"750\" data-end=\"904\">Parab\u00e9ns aos nossos alunos pelo talento e pela linda apresenta\u00e7\u00e3o, e a todas as m\u00e3es, a nossa mais sincera homenagem: voc\u00eas s\u00e3o um verdadeiro tesouro!&nbsp;<\/p>\nngg_shortcode_0_placeholder\n<p data-start=\"750\" data-end=\"904\">&nbsp;<\/p>\n","protected":false},"excerpt":{"rendered":"<p>Em um momento repleto de carinho, emo\u00e7\u00e3o e gratid\u00e3o, os alunos do 8\u00ba ano do Instituto S\u00e3o Pio X prepararam uma linda homenagem para celebrar o Dia das M\u00e3es.&nbsp; Com vozes cheias de ternura, eles encantaram a todos ao cantarem as m\u00fasicas &#8220;Trevo (Tu)&#8221; e &#8220;Voc\u00ea \u00e9 Assim (Um Sonho pra Mim)&#8221; \u2014 can\u00e7\u00f5es escolhidas&#8230;<\/p>\n","protected":false},"author":2,"featured_media":40574,"comment_status":"closed","ping_status":"closed","sticky":false,"template":"","format":"standard","meta":{"_monsterinsights_skip_tracking":false,"_monsterinsights_sitenote_active":false,"_monsterinsights_sitenote_note":"","_monsterinsights_sitenote_category":0,"ngg_post_thumbnail":0,"footnotes":""},"categories":[111,90,82],"tags":[],"class_list":["post-40546","post","type-post","status-publish","format-standard","has-post-thumbnail","hentry","category-noticia-piox-2025","category-ens-fund_ii","category-noticias"],"_links":{"self":[{"href":"https:\/\/redebeneditina.org.br\/ispx\/wp-json\/wp\/v2\/posts\/40546","targetHints":{"allow":["GET"]}}],"collection":[{"href":"https:\/\/redebeneditina.org.br\/ispx\/wp-json\/wp\/v2\/posts"}],"about":[{"href":"https:\/\/redebeneditina.org.br\/ispx\/wp-json\/wp\/v2\/types\/post"}],"author":[{"embeddable":true,"href":"https:\/\/redebeneditina.org.br\/ispx\/wp-json\/wp\/v2\/users\/2"}],"replies":[{"embeddable":true,"href":"https:\/\/redebeneditina.org.br\/ispx\/wp-json\/wp\/v2\/comments?post=40546"}],"version-history":[{"count":2,"href":"https:\/\/redebeneditina.org.br\/ispx\/wp-json\/wp\/v2\/posts\/40546\/revisions"}],"predecessor-version":[{"id":40576,"href":"https:\/\/redebeneditina.org.br\/ispx\/wp-json\/wp\/v2\/posts\/40546\/revisions\/40576"}],"wp:featuredmedia":[{"embeddable":true,"href":"https:\/\/redebeneditina.org.br\/ispx\/wp-json\/wp\/v2\/media\/40574"}],"wp:attachment":[{"href":"https:\/\/redebeneditina.org.br\/ispx\/wp-json\/wp\/v2\/media?parent=40546"}],"wp:term":[{"taxonomy":"category","embeddable":true,"href":"https:\/\/redebeneditina.org.br\/ispx\/wp-json\/wp\/v2\/categories?post=40546"},{"taxonomy":"post_tag","embeddable":true,"href":"https:\/\/redebeneditina.org.br\/ispx\/wp-json\/wp\/v2\/tags?post=40546"}],"curies":[{"name":"wp","href":"https:\/\/api.w.org\/{rel}","templated":true}]}}