{"id":40908,"date":"2025-05-12T11:58:18","date_gmt":"2025-05-12T14:58:18","guid":{"rendered":"https:\/\/redebeneditina.org.br\/ispx\/?p=40908"},"modified":"2025-05-12T11:58:18","modified_gmt":"2025-05-12T14:58:18","slug":"homenagem-ao-dia-das-maes-5o-ano-a-e-b","status":"publish","type":"post","link":"https:\/\/redebeneditina.org.br\/ispx\/homenagem-ao-dia-das-maes-5o-ano-a-e-b\/","title":{"rendered":"Homenagem ao Dia das M\u00e3es \u2013 5\u00ba ano A e B"},"content":{"rendered":"<p>Na \u00faltima sexta-feira, nossas turmas do 5\u00ba ano A e B emocionaram a todos com uma bel\u00edssima homenagem ao Dia das M\u00e3es, realizada no audit\u00f3rio da escola.<\/p>\n<p class=\"\" data-start=\"603\" data-end=\"819\">Foi um momento de muita emo\u00e7\u00e3o, alegria e partilha, que ficar\u00e1 guardado com carinho na mem\u00f3ria de todos. Agradecemos \u00e0s m\u00e3es que estiveram conosco e parabenizamos os alunos e professores pelo empenho e sensibilidade!<\/p>\n<p class=\"\" data-start=\"821\" data-end=\"898\">\ud83c\udf37 Ser m\u00e3e \u00e9 carregar no peito o maior amor do mundo. Confira as fotos!<\/p>\nngg_shortcode_0_placeholder\n","protected":false},"excerpt":{"rendered":"<p>Na \u00faltima sexta-feira, nossas turmas do 5\u00ba ano A e B emocionaram a todos com uma bel\u00edssima homenagem ao Dia das M\u00e3es, realizada no audit\u00f3rio da escola. Foi um momento de muita emo\u00e7\u00e3o, alegria e partilha, que ficar\u00e1 guardado com carinho na mem\u00f3ria de todos. Agradecemos \u00e0s m\u00e3es que estiveram conosco e parabenizamos os alunos&#8230;<\/p>\n","protected":false},"author":2,"featured_media":40940,"comment_status":"closed","ping_status":"closed","sticky":false,"template":"","format":"standard","meta":{"_monsterinsights_skip_tracking":false,"_monsterinsights_sitenote_active":false,"_monsterinsights_sitenote_note":"","_monsterinsights_sitenote_category":0,"ngg_post_thumbnail":0,"footnotes":""},"categories":[111,89,82],"tags":[],"class_list":["post-40908","post","type-post","status-publish","format-standard","has-post-thumbnail","hentry","category-noticia-piox-2025","category-ens-fund_i","category-noticias"],"_links":{"self":[{"href":"https:\/\/redebeneditina.org.br\/ispx\/wp-json\/wp\/v2\/posts\/40908","targetHints":{"allow":["GET"]}}],"collection":[{"href":"https:\/\/redebeneditina.org.br\/ispx\/wp-json\/wp\/v2\/posts"}],"about":[{"href":"https:\/\/redebeneditina.org.br\/ispx\/wp-json\/wp\/v2\/types\/post"}],"author":[{"embeddable":true,"href":"https:\/\/redebeneditina.org.br\/ispx\/wp-json\/wp\/v2\/users\/2"}],"replies":[{"embeddable":true,"href":"https:\/\/redebeneditina.org.br\/ispx\/wp-json\/wp\/v2\/comments?post=40908"}],"version-history":[{"count":1,"href":"https:\/\/redebeneditina.org.br\/ispx\/wp-json\/wp\/v2\/posts\/40908\/revisions"}],"predecessor-version":[{"id":40941,"href":"https:\/\/redebeneditina.org.br\/ispx\/wp-json\/wp\/v2\/posts\/40908\/revisions\/40941"}],"wp:featuredmedia":[{"embeddable":true,"href":"https:\/\/redebeneditina.org.br\/ispx\/wp-json\/wp\/v2\/media\/40940"}],"wp:attachment":[{"href":"https:\/\/redebeneditina.org.br\/ispx\/wp-json\/wp\/v2\/media?parent=40908"}],"wp:term":[{"taxonomy":"category","embeddable":true,"href":"https:\/\/redebeneditina.org.br\/ispx\/wp-json\/wp\/v2\/categories?post=40908"},{"taxonomy":"post_tag","embeddable":true,"href":"https:\/\/redebeneditina.org.br\/ispx\/wp-json\/wp\/v2\/tags?post=40908"}],"curies":[{"name":"wp","href":"https:\/\/api.w.org\/{rel}","templated":true}]}}