{"id":40942,"date":"2025-05-12T09:59:36","date_gmt":"2025-05-12T12:59:36","guid":{"rendered":"https:\/\/redebeneditina.org.br\/ispx\/?p=40942"},"modified":"2025-05-19T13:10:22","modified_gmt":"2025-05-19T16:10:22","slug":"lancamento-de-foguetes-1o-e-2o-ano","status":"publish","type":"post","link":"https:\/\/redebeneditina.org.br\/ispx\/lancamento-de-foguetes-1o-e-2o-ano\/","title":{"rendered":"Lan\u00e7amento de Foguetes \u2013 1\u00ba e 2\u00ba Ano A"},"content":{"rendered":"<p>Nosso p\u00e1tio se transformou em uma verdadeira base de lan\u00e7amento com a atividade especial realizada pelas turmas do 1\u00ba e 2\u00ba ano A: o lan\u00e7amento de foguetes!<\/p>\n<p>A a\u00e7\u00e3o fez parte de um projeto pedag\u00f3gico que uniu ci\u00eancia, criatividade e divers\u00e3o, despertando nos alunos o interesse pelo mundo da f\u00edsica e da explora\u00e7\u00e3o espacial.<\/p>\n<p>Confira as fotos!<\/p>\n<p>&nbsp;<\/p>\n<p>\u00bb 1\u00ba ANO<\/p>\nngg_shortcode_0_placeholder\n<p>\u00bb 2\u00ba ANO<\/p>\nngg_shortcode_1_placeholder\n","protected":false},"excerpt":{"rendered":"<p>Nosso p\u00e1tio se transformou em uma verdadeira base de lan\u00e7amento com a atividade especial realizada pelas turmas do 1\u00ba e 2\u00ba ano A: o lan\u00e7amento de foguetes! A a\u00e7\u00e3o fez parte de um projeto pedag\u00f3gico que uniu ci\u00eancia, criatividade e divers\u00e3o, despertando nos alunos o interesse pelo mundo da f\u00edsica e da explora\u00e7\u00e3o espacial. Confira&#8230;<\/p>\n","protected":false},"author":2,"featured_media":40971,"comment_status":"closed","ping_status":"closed","sticky":false,"template":"","format":"standard","meta":{"_monsterinsights_skip_tracking":false,"_monsterinsights_sitenote_active":false,"_monsterinsights_sitenote_note":"","_monsterinsights_sitenote_category":0,"ngg_post_thumbnail":0,"footnotes":""},"categories":[111,89,82],"tags":[],"class_list":["post-40942","post","type-post","status-publish","format-standard","has-post-thumbnail","hentry","category-noticia-piox-2025","category-ens-fund_i","category-noticias"],"_links":{"self":[{"href":"https:\/\/redebeneditina.org.br\/ispx\/wp-json\/wp\/v2\/posts\/40942","targetHints":{"allow":["GET"]}}],"collection":[{"href":"https:\/\/redebeneditina.org.br\/ispx\/wp-json\/wp\/v2\/posts"}],"about":[{"href":"https:\/\/redebeneditina.org.br\/ispx\/wp-json\/wp\/v2\/types\/post"}],"author":[{"embeddable":true,"href":"https:\/\/redebeneditina.org.br\/ispx\/wp-json\/wp\/v2\/users\/2"}],"replies":[{"embeddable":true,"href":"https:\/\/redebeneditina.org.br\/ispx\/wp-json\/wp\/v2\/comments?post=40942"}],"version-history":[{"count":4,"href":"https:\/\/redebeneditina.org.br\/ispx\/wp-json\/wp\/v2\/posts\/40942\/revisions"}],"predecessor-version":[{"id":41535,"href":"https:\/\/redebeneditina.org.br\/ispx\/wp-json\/wp\/v2\/posts\/40942\/revisions\/41535"}],"wp:featuredmedia":[{"embeddable":true,"href":"https:\/\/redebeneditina.org.br\/ispx\/wp-json\/wp\/v2\/media\/40971"}],"wp:attachment":[{"href":"https:\/\/redebeneditina.org.br\/ispx\/wp-json\/wp\/v2\/media?parent=40942"}],"wp:term":[{"taxonomy":"category","embeddable":true,"href":"https:\/\/redebeneditina.org.br\/ispx\/wp-json\/wp\/v2\/categories?post=40942"},{"taxonomy":"post_tag","embeddable":true,"href":"https:\/\/redebeneditina.org.br\/ispx\/wp-json\/wp\/v2\/tags?post=40942"}],"curies":[{"name":"wp","href":"https:\/\/api.w.org\/{rel}","templated":true}]}}