{"id":41547,"date":"2025-05-20T14:40:12","date_gmt":"2025-05-20T17:40:12","guid":{"rendered":"https:\/\/redebeneditina.org.br\/ispx\/?p=41547"},"modified":"2025-05-20T14:40:12","modified_gmt":"2025-05-20T17:40:12","slug":"atividade-do-contraturno-cores-primarias-e-secundarias","status":"publish","type":"post","link":"https:\/\/redebeneditina.org.br\/ispx\/atividade-do-contraturno-cores-primarias-e-secundarias\/","title":{"rendered":"Atividade do Contraturno: Cores Prim\u00e1rias e Secund\u00e1rias"},"content":{"rendered":"<p class=\"\" data-start=\"253\" data-end=\"427\">Na atividade do contraturno, nossos pequenos artistas mergulharam no mundo das cores prim\u00e1rias e secund\u00e1rias, explorando combina\u00e7\u00f5es, misturas e muita criatividade!&nbsp;<\/p>\n<p class=\"\" data-start=\"429\" data-end=\"679\">Foi um momento de aprendizado leve e divertido, onde a arte se transformou em conhecimento e express\u00e3o.<\/p>\nngg_shortcode_0_placeholder\n","protected":false},"excerpt":{"rendered":"<p>Na atividade do contraturno, nossos pequenos artistas mergulharam no mundo das cores prim\u00e1rias e secund\u00e1rias, explorando combina\u00e7\u00f5es, misturas e muita criatividade!&nbsp; Foi um momento de aprendizado leve e divertido, onde a arte se transformou em conhecimento e express\u00e3o.<\/p>\n","protected":false},"author":2,"featured_media":41557,"comment_status":"closed","ping_status":"closed","sticky":false,"template":"","format":"standard","meta":{"_monsterinsights_skip_tracking":false,"_monsterinsights_sitenote_active":false,"_monsterinsights_sitenote_note":"","_monsterinsights_sitenote_category":0,"ngg_post_thumbnail":0,"footnotes":""},"categories":[111,89,90,82],"tags":[],"class_list":["post-41547","post","type-post","status-publish","format-standard","has-post-thumbnail","hentry","category-noticia-piox-2025","category-ens-fund_i","category-ens-fund_ii","category-noticias"],"_links":{"self":[{"href":"https:\/\/redebeneditina.org.br\/ispx\/wp-json\/wp\/v2\/posts\/41547","targetHints":{"allow":["GET"]}}],"collection":[{"href":"https:\/\/redebeneditina.org.br\/ispx\/wp-json\/wp\/v2\/posts"}],"about":[{"href":"https:\/\/redebeneditina.org.br\/ispx\/wp-json\/wp\/v2\/types\/post"}],"author":[{"embeddable":true,"href":"https:\/\/redebeneditina.org.br\/ispx\/wp-json\/wp\/v2\/users\/2"}],"replies":[{"embeddable":true,"href":"https:\/\/redebeneditina.org.br\/ispx\/wp-json\/wp\/v2\/comments?post=41547"}],"version-history":[{"count":1,"href":"https:\/\/redebeneditina.org.br\/ispx\/wp-json\/wp\/v2\/posts\/41547\/revisions"}],"predecessor-version":[{"id":41558,"href":"https:\/\/redebeneditina.org.br\/ispx\/wp-json\/wp\/v2\/posts\/41547\/revisions\/41558"}],"wp:featuredmedia":[{"embeddable":true,"href":"https:\/\/redebeneditina.org.br\/ispx\/wp-json\/wp\/v2\/media\/41557"}],"wp:attachment":[{"href":"https:\/\/redebeneditina.org.br\/ispx\/wp-json\/wp\/v2\/media?parent=41547"}],"wp:term":[{"taxonomy":"category","embeddable":true,"href":"https:\/\/redebeneditina.org.br\/ispx\/wp-json\/wp\/v2\/categories?post=41547"},{"taxonomy":"post_tag","embeddable":true,"href":"https:\/\/redebeneditina.org.br\/ispx\/wp-json\/wp\/v2\/tags?post=41547"}],"curies":[{"name":"wp","href":"https:\/\/api.w.org\/{rel}","templated":true}]}}