{"id":41953,"date":"2025-05-23T15:52:12","date_gmt":"2025-05-23T18:52:12","guid":{"rendered":"https:\/\/redebeneditina.org.br\/ispx\/?p=41953"},"modified":"2025-05-26T15:52:27","modified_gmt":"2025-05-26T18:52:27","slug":"confeccao-de-mascaras-do-contraturno","status":"publish","type":"post","link":"https:\/\/redebeneditina.org.br\/ispx\/confeccao-de-mascaras-do-contraturno\/","title":{"rendered":"Confec\u00e7\u00e3o de M\u00e1scaras do Contraturno"},"content":{"rendered":"<p>Durante as atividades do contraturno, nossos alunos participaram de uma oficina especial de confec\u00e7\u00e3o de m\u00e1scaras.<\/p>\n<p>A proposta incentivou a criatividade, a coordena\u00e7\u00e3o motora e a express\u00e3o art\u00edstica, al\u00e9m de proporcionar momentos de integra\u00e7\u00e3o e divers\u00e3o.<\/p>\nngg_shortcode_0_placeholder\n","protected":false},"excerpt":{"rendered":"<p>Durante as atividades do contraturno, nossos alunos participaram de uma oficina especial de confec\u00e7\u00e3o de m\u00e1scaras. A proposta incentivou a criatividade, a coordena\u00e7\u00e3o motora e a express\u00e3o art\u00edstica, al\u00e9m de proporcionar momentos de integra\u00e7\u00e3o e divers\u00e3o. &nbsp;<\/p>\n","protected":false},"author":2,"featured_media":41965,"comment_status":"closed","ping_status":"closed","sticky":false,"template":"","format":"standard","meta":{"_monsterinsights_skip_tracking":false,"_monsterinsights_sitenote_active":false,"_monsterinsights_sitenote_note":"","_monsterinsights_sitenote_category":0,"ngg_post_thumbnail":0,"footnotes":""},"categories":[111,92,89,82],"tags":[],"class_list":["post-41953","post","type-post","status-publish","format-standard","has-post-thumbnail","hentry","category-noticia-piox-2025","category-contraturno","category-ens-fund_i","category-noticias"],"_links":{"self":[{"href":"https:\/\/redebeneditina.org.br\/ispx\/wp-json\/wp\/v2\/posts\/41953","targetHints":{"allow":["GET"]}}],"collection":[{"href":"https:\/\/redebeneditina.org.br\/ispx\/wp-json\/wp\/v2\/posts"}],"about":[{"href":"https:\/\/redebeneditina.org.br\/ispx\/wp-json\/wp\/v2\/types\/post"}],"author":[{"embeddable":true,"href":"https:\/\/redebeneditina.org.br\/ispx\/wp-json\/wp\/v2\/users\/2"}],"replies":[{"embeddable":true,"href":"https:\/\/redebeneditina.org.br\/ispx\/wp-json\/wp\/v2\/comments?post=41953"}],"version-history":[{"count":1,"href":"https:\/\/redebeneditina.org.br\/ispx\/wp-json\/wp\/v2\/posts\/41953\/revisions"}],"predecessor-version":[{"id":41966,"href":"https:\/\/redebeneditina.org.br\/ispx\/wp-json\/wp\/v2\/posts\/41953\/revisions\/41966"}],"wp:featuredmedia":[{"embeddable":true,"href":"https:\/\/redebeneditina.org.br\/ispx\/wp-json\/wp\/v2\/media\/41965"}],"wp:attachment":[{"href":"https:\/\/redebeneditina.org.br\/ispx\/wp-json\/wp\/v2\/media?parent=41953"}],"wp:term":[{"taxonomy":"category","embeddable":true,"href":"https:\/\/redebeneditina.org.br\/ispx\/wp-json\/wp\/v2\/categories?post=41953"},{"taxonomy":"post_tag","embeddable":true,"href":"https:\/\/redebeneditina.org.br\/ispx\/wp-json\/wp\/v2\/tags?post=41953"}],"curies":[{"name":"wp","href":"https:\/\/api.w.org\/{rel}","templated":true}]}}