{"id":42087,"date":"2025-05-28T15:11:24","date_gmt":"2025-05-28T18:11:24","guid":{"rendered":"https:\/\/redebeneditina.org.br\/ispx\/?p=42087"},"modified":"2025-05-28T15:11:24","modified_gmt":"2025-05-28T18:11:24","slug":"matematica-sem-fronteiras-4o-ano-ao-ensino-medio","status":"publish","type":"post","link":"https:\/\/redebeneditina.org.br\/ispx\/matematica-sem-fronteiras-4o-ano-ao-ensino-medio\/","title":{"rendered":"Matem\u00e1tica sem Fronteiras &#8211; 4\u00ba ano ao Ensino M\u00e9dio"},"content":{"rendered":"<p>Hoje foi dia de desafio e aprendizado!<\/p>\n<p>Os alunos do 4\u00ba ano ao Ensino M\u00e9dio participaram da prova &#8220;Matem\u00e1tica sem Fronteiras&#8221; \u2014 uma experi\u00eancia que uniu racioc\u00ednio l\u00f3gico, coopera\u00e7\u00e3o e muita divers\u00e3o!&nbsp;<\/p>\n<p>Parab\u00e9ns a todos os estudantes pelo empenho e dedica\u00e7\u00e3o!<\/p>\nngg_shortcode_0_placeholder\n","protected":false},"excerpt":{"rendered":"<p>Hoje foi dia de desafio e aprendizado! Os alunos do 4\u00ba ano ao Ensino M\u00e9dio participaram da prova &#8220;Matem\u00e1tica sem Fronteiras&#8221; \u2014 uma experi\u00eancia que uniu racioc\u00ednio l\u00f3gico, coopera\u00e7\u00e3o e muita divers\u00e3o!&nbsp; Parab\u00e9ns a todos os estudantes pelo empenho e dedica\u00e7\u00e3o! &nbsp;<\/p>\n","protected":false},"author":2,"featured_media":42112,"comment_status":"closed","ping_status":"closed","sticky":false,"template":"","format":"standard","meta":{"_monsterinsights_skip_tracking":false,"_monsterinsights_sitenote_active":false,"_monsterinsights_sitenote_note":"","_monsterinsights_sitenote_category":0,"ngg_post_thumbnail":0,"footnotes":""},"categories":[111,89,90,91,82],"tags":[],"class_list":["post-42087","post","type-post","status-publish","format-standard","has-post-thumbnail","hentry","category-noticia-piox-2025","category-ens-fund_i","category-ens-fund_ii","category-ens-medio","category-noticias"],"_links":{"self":[{"href":"https:\/\/redebeneditina.org.br\/ispx\/wp-json\/wp\/v2\/posts\/42087","targetHints":{"allow":["GET"]}}],"collection":[{"href":"https:\/\/redebeneditina.org.br\/ispx\/wp-json\/wp\/v2\/posts"}],"about":[{"href":"https:\/\/redebeneditina.org.br\/ispx\/wp-json\/wp\/v2\/types\/post"}],"author":[{"embeddable":true,"href":"https:\/\/redebeneditina.org.br\/ispx\/wp-json\/wp\/v2\/users\/2"}],"replies":[{"embeddable":true,"href":"https:\/\/redebeneditina.org.br\/ispx\/wp-json\/wp\/v2\/comments?post=42087"}],"version-history":[{"count":1,"href":"https:\/\/redebeneditina.org.br\/ispx\/wp-json\/wp\/v2\/posts\/42087\/revisions"}],"predecessor-version":[{"id":42113,"href":"https:\/\/redebeneditina.org.br\/ispx\/wp-json\/wp\/v2\/posts\/42087\/revisions\/42113"}],"wp:featuredmedia":[{"embeddable":true,"href":"https:\/\/redebeneditina.org.br\/ispx\/wp-json\/wp\/v2\/media\/42112"}],"wp:attachment":[{"href":"https:\/\/redebeneditina.org.br\/ispx\/wp-json\/wp\/v2\/media?parent=42087"}],"wp:term":[{"taxonomy":"category","embeddable":true,"href":"https:\/\/redebeneditina.org.br\/ispx\/wp-json\/wp\/v2\/categories?post=42087"},{"taxonomy":"post_tag","embeddable":true,"href":"https:\/\/redebeneditina.org.br\/ispx\/wp-json\/wp\/v2\/tags?post=42087"}],"curies":[{"name":"wp","href":"https:\/\/api.w.org\/{rel}","templated":true}]}}