{"id":42563,"date":"2025-06-05T10:40:20","date_gmt":"2025-06-05T13:40:20","guid":{"rendered":"https:\/\/redebeneditina.org.br\/ispx\/?p=42563"},"modified":"2025-06-05T10:40:20","modified_gmt":"2025-06-05T13:40:20","slug":"8o-e-9o-ano-viveram-uma-experiencia-inesquecivel-em-santos","status":"publish","type":"post","link":"https:\/\/redebeneditina.org.br\/ispx\/8o-e-9o-ano-viveram-uma-experiencia-inesquecivel-em-santos\/","title":{"rendered":"8\u00ba e 9\u00ba ano viveram uma experi\u00eancia inesquec\u00edvel em Santos!"},"content":{"rendered":"<p>Ontem, os alunos do 8\u00ba e 9\u00ba ano viveram uma experi\u00eancia inesquec\u00edvel em Santos!&nbsp;<\/p>\n<p>O passeio come\u00e7ou com um tour de escuna, saindo da ponte Edgard Perdig\u00e3o e passando por pontos tur\u00edsticos como a Fortaleza da Barra, Praia do G\u00f3es, Cheira Lim\u00e3o, Sangava, Ilha das Palmas, Orla da Ba\u00eda de Santo e Porto de Santos \u2014 onde puderam observar embarca\u00e7\u00f5es atracadas.<\/p>\n<p>E para fechar o dia com chave de ouro: uma visita educativa ao Aqu\u00e1rio Municipal de Santos!&nbsp;<\/p>\n<p>Mais que um passeio, um momento de aprendizado, lazer e integra\u00e7\u00e3o entre os alunos!&nbsp;<\/p>\nngg_shortcode_0_placeholder\n","protected":false},"excerpt":{"rendered":"<p>Ontem, os alunos do 8\u00ba e 9\u00ba ano viveram uma experi\u00eancia inesquec\u00edvel em Santos!&nbsp; O passeio come\u00e7ou com um tour de escuna, saindo da ponte Edgard Perdig\u00e3o e passando por pontos tur\u00edsticos como a Fortaleza da Barra, Praia do G\u00f3es, Cheira Lim\u00e3o, Sangava, Ilha das Palmas, Orla da Ba\u00eda de Santo e Porto de Santos&#8230;<\/p>\n","protected":false},"author":2,"featured_media":42612,"comment_status":"closed","ping_status":"closed","sticky":false,"template":"","format":"standard","meta":{"_monsterinsights_skip_tracking":false,"_monsterinsights_sitenote_active":false,"_monsterinsights_sitenote_note":"","_monsterinsights_sitenote_category":0,"ngg_post_thumbnail":0,"footnotes":""},"categories":[111,90,82],"tags":[],"class_list":["post-42563","post","type-post","status-publish","format-standard","has-post-thumbnail","hentry","category-noticia-piox-2025","category-ens-fund_ii","category-noticias"],"_links":{"self":[{"href":"https:\/\/redebeneditina.org.br\/ispx\/wp-json\/wp\/v2\/posts\/42563","targetHints":{"allow":["GET"]}}],"collection":[{"href":"https:\/\/redebeneditina.org.br\/ispx\/wp-json\/wp\/v2\/posts"}],"about":[{"href":"https:\/\/redebeneditina.org.br\/ispx\/wp-json\/wp\/v2\/types\/post"}],"author":[{"embeddable":true,"href":"https:\/\/redebeneditina.org.br\/ispx\/wp-json\/wp\/v2\/users\/2"}],"replies":[{"embeddable":true,"href":"https:\/\/redebeneditina.org.br\/ispx\/wp-json\/wp\/v2\/comments?post=42563"}],"version-history":[{"count":1,"href":"https:\/\/redebeneditina.org.br\/ispx\/wp-json\/wp\/v2\/posts\/42563\/revisions"}],"predecessor-version":[{"id":42613,"href":"https:\/\/redebeneditina.org.br\/ispx\/wp-json\/wp\/v2\/posts\/42563\/revisions\/42613"}],"wp:featuredmedia":[{"embeddable":true,"href":"https:\/\/redebeneditina.org.br\/ispx\/wp-json\/wp\/v2\/media\/42612"}],"wp:attachment":[{"href":"https:\/\/redebeneditina.org.br\/ispx\/wp-json\/wp\/v2\/media?parent=42563"}],"wp:term":[{"taxonomy":"category","embeddable":true,"href":"https:\/\/redebeneditina.org.br\/ispx\/wp-json\/wp\/v2\/categories?post=42563"},{"taxonomy":"post_tag","embeddable":true,"href":"https:\/\/redebeneditina.org.br\/ispx\/wp-json\/wp\/v2\/tags?post=42563"}],"curies":[{"name":"wp","href":"https:\/\/api.w.org\/{rel}","templated":true}]}}