{"id":43721,"date":"2025-06-16T10:47:01","date_gmt":"2025-06-16T13:47:01","guid":{"rendered":"https:\/\/redebeneditina.org.br\/ispx\/?p=43721"},"modified":"2025-06-16T10:47:01","modified_gmt":"2025-06-16T13:47:01","slug":"mini-festival-de-natacao-superacao-e-alegria-na-agua","status":"publish","type":"post","link":"https:\/\/redebeneditina.org.br\/ispx\/mini-festival-de-natacao-superacao-e-alegria-na-agua\/","title":{"rendered":"Mini Festival de Nata\u00e7\u00e3o: Supera\u00e7\u00e3o e Alegria na \u00c1gua!"},"content":{"rendered":"<p data-start=\"145\" data-end=\"325\">Nossos alunos participaram com entusiasmo do Mini Festival de Nata\u00e7\u00e3o, realizado no Mackenzie. A atividade foi repleta de energia, divers\u00e3o e, acima de tudo, muito aprendizado.<\/p>\n<p data-start=\"327\" data-end=\"596\">Mais do que um momento esportivo, o festival proporcionou \u00e0s crian\u00e7as a oportunidade de desenvolver habilidades aqu\u00e1ticas, trabalhar a autoconfian\u00e7a e vivenciar o esp\u00edrito de equipe. Cada bra\u00e7ada foi um passo a mais no caminho do crescimento e da supera\u00e7\u00e3o pessoal.<\/p>\n<p data-start=\"598\" data-end=\"823\">Foi lindo ver o empenho, a alegria e o orgulho estampados no rosto de cada aluno! A nata\u00e7\u00e3o, al\u00e9m de ser uma pr\u00e1tica saud\u00e1vel, fortalece o corpo e a mente \u2014 e nossos estudantes mostraram que est\u00e3o prontos para novos desafios.<\/p>\n<p data-start=\"825\" data-end=\"891\">\ud83d\udcf8 Confira as fotos e reviva conosco esses momentos especiais!<\/p>\nngg_shortcode_0_placeholder\n","protected":false},"excerpt":{"rendered":"<p>Nossos alunos participaram com entusiasmo do Mini Festival de Nata\u00e7\u00e3o, realizado no Mackenzie. A atividade foi repleta de energia, divers\u00e3o e, acima de tudo, muito aprendizado. Mais do que um momento esportivo, o festival proporcionou \u00e0s crian\u00e7as a oportunidade de desenvolver habilidades aqu\u00e1ticas, trabalhar a autoconfian\u00e7a e vivenciar o esp\u00edrito de equipe. Cada bra\u00e7ada foi&#8230;<\/p>\n","protected":false},"author":2,"featured_media":43740,"comment_status":"closed","ping_status":"closed","sticky":false,"template":"","format":"standard","meta":{"_monsterinsights_skip_tracking":false,"_monsterinsights_sitenote_active":false,"_monsterinsights_sitenote_note":"","_monsterinsights_sitenote_category":0,"ngg_post_thumbnail":0,"footnotes":""},"categories":[111,89,90,82],"tags":[],"class_list":["post-43721","post","type-post","status-publish","format-standard","has-post-thumbnail","hentry","category-noticia-piox-2025","category-ens-fund_i","category-ens-fund_ii","category-noticias"],"_links":{"self":[{"href":"https:\/\/redebeneditina.org.br\/ispx\/wp-json\/wp\/v2\/posts\/43721","targetHints":{"allow":["GET"]}}],"collection":[{"href":"https:\/\/redebeneditina.org.br\/ispx\/wp-json\/wp\/v2\/posts"}],"about":[{"href":"https:\/\/redebeneditina.org.br\/ispx\/wp-json\/wp\/v2\/types\/post"}],"author":[{"embeddable":true,"href":"https:\/\/redebeneditina.org.br\/ispx\/wp-json\/wp\/v2\/users\/2"}],"replies":[{"embeddable":true,"href":"https:\/\/redebeneditina.org.br\/ispx\/wp-json\/wp\/v2\/comments?post=43721"}],"version-history":[{"count":1,"href":"https:\/\/redebeneditina.org.br\/ispx\/wp-json\/wp\/v2\/posts\/43721\/revisions"}],"predecessor-version":[{"id":43741,"href":"https:\/\/redebeneditina.org.br\/ispx\/wp-json\/wp\/v2\/posts\/43721\/revisions\/43741"}],"wp:featuredmedia":[{"embeddable":true,"href":"https:\/\/redebeneditina.org.br\/ispx\/wp-json\/wp\/v2\/media\/43740"}],"wp:attachment":[{"href":"https:\/\/redebeneditina.org.br\/ispx\/wp-json\/wp\/v2\/media?parent=43721"}],"wp:term":[{"taxonomy":"category","embeddable":true,"href":"https:\/\/redebeneditina.org.br\/ispx\/wp-json\/wp\/v2\/categories?post=43721"},{"taxonomy":"post_tag","embeddable":true,"href":"https:\/\/redebeneditina.org.br\/ispx\/wp-json\/wp\/v2\/tags?post=43721"}],"curies":[{"name":"wp","href":"https:\/\/api.w.org\/{rel}","templated":true}]}}