{"id":44015,"date":"2025-07-28T15:45:54","date_gmt":"2025-07-28T18:45:54","guid":{"rendered":"https:\/\/redebeneditina.org.br\/ispx\/?p=44015"},"modified":"2025-07-28T15:45:54","modified_gmt":"2025-07-28T18:45:54","slug":"ispx-experience-16-08","status":"publish","type":"post","link":"https:\/\/redebeneditina.org.br\/ispx\/ispx-experience-16-08\/","title":{"rendered":"ISPX Experience &#8211; 16\/08"},"content":{"rendered":"<p>\ud83d\udce3 ISPX EXPERIENCE \u2013 Um convite especial para NOVOS ALUNOS DO 6\u00ba ANO AO ENSINO M\u00c9DIO! \u2728<\/p>\n<p>Voc\u00ea \u00e9 estudante do Ensino Fundamental II ou Ensino M\u00e9dio e est\u00e1 em busca de uma escola que une conhecimento, acolhimento e f\u00e9?<\/p>\n<p>Ent\u00e3o n\u00e3o perca o ISPX Experience, um evento preparado com carinho para que voc\u00ea conhe\u00e7a de perto o nosso jeito de ser! \ud83d\ude4c\ud83d\udcda<\/p>\n<p>Ser\u00e1 um momento de intera\u00e7\u00e3o, aprendizado e muita descontra\u00e7\u00e3o!<\/p>\n<p>\ud83d\uddd3 Quando? 16 de agosto (S\u00e1bado)<br \/>\n\u23f0 Hor\u00e1rio: 14h<br \/>\n\ud83d\udccd Onde? Instituto S\u00e3o Pio X \u2013 uma escola confessional cat\u00f3lica, administrada pela Rede Beneditina.<\/p>\n<p>\ud83d\udd17 Vagas limitadas! Inscreva-se agora pelo link na Bio.<\/p>\n<p>\ud83d\udca1 Vem viver essa experi\u00eancia \u00fanica com a gente!<\/p>\n","protected":false},"excerpt":{"rendered":"<p>\ud83d\udce3 ISPX EXPERIENCE \u2013 Um convite especial para NOVOS ALUNOS DO 6\u00ba ANO AO ENSINO M\u00c9DIO! \u2728 Voc\u00ea \u00e9 estudante do Ensino Fundamental II ou Ensino M\u00e9dio e est\u00e1 em busca de uma escola que une conhecimento, acolhimento e f\u00e9? Ent\u00e3o n\u00e3o perca o ISPX Experience, um evento preparado com carinho para que voc\u00ea conhe\u00e7a&#8230;<\/p>\n","protected":false},"author":2,"featured_media":44016,"comment_status":"closed","ping_status":"closed","sticky":false,"template":"","format":"standard","meta":{"_monsterinsights_skip_tracking":false,"_monsterinsights_sitenote_active":false,"_monsterinsights_sitenote_note":"","_monsterinsights_sitenote_category":0,"ngg_post_thumbnail":0,"footnotes":""},"categories":[111,90,91,82],"tags":[],"class_list":["post-44015","post","type-post","status-publish","format-standard","has-post-thumbnail","hentry","category-noticia-piox-2025","category-ens-fund_ii","category-ens-medio","category-noticias"],"_links":{"self":[{"href":"https:\/\/redebeneditina.org.br\/ispx\/wp-json\/wp\/v2\/posts\/44015","targetHints":{"allow":["GET"]}}],"collection":[{"href":"https:\/\/redebeneditina.org.br\/ispx\/wp-json\/wp\/v2\/posts"}],"about":[{"href":"https:\/\/redebeneditina.org.br\/ispx\/wp-json\/wp\/v2\/types\/post"}],"author":[{"embeddable":true,"href":"https:\/\/redebeneditina.org.br\/ispx\/wp-json\/wp\/v2\/users\/2"}],"replies":[{"embeddable":true,"href":"https:\/\/redebeneditina.org.br\/ispx\/wp-json\/wp\/v2\/comments?post=44015"}],"version-history":[{"count":1,"href":"https:\/\/redebeneditina.org.br\/ispx\/wp-json\/wp\/v2\/posts\/44015\/revisions"}],"predecessor-version":[{"id":44017,"href":"https:\/\/redebeneditina.org.br\/ispx\/wp-json\/wp\/v2\/posts\/44015\/revisions\/44017"}],"wp:featuredmedia":[{"embeddable":true,"href":"https:\/\/redebeneditina.org.br\/ispx\/wp-json\/wp\/v2\/media\/44016"}],"wp:attachment":[{"href":"https:\/\/redebeneditina.org.br\/ispx\/wp-json\/wp\/v2\/media?parent=44015"}],"wp:term":[{"taxonomy":"category","embeddable":true,"href":"https:\/\/redebeneditina.org.br\/ispx\/wp-json\/wp\/v2\/categories?post=44015"},{"taxonomy":"post_tag","embeddable":true,"href":"https:\/\/redebeneditina.org.br\/ispx\/wp-json\/wp\/v2\/tags?post=44015"}],"curies":[{"name":"wp","href":"https:\/\/api.w.org\/{rel}","templated":true}]}}