{"id":44144,"date":"2025-08-06T12:59:36","date_gmt":"2025-08-06T15:59:36","guid":{"rendered":"https:\/\/redebeneditina.org.br\/ispx\/?p=44144"},"modified":"2025-08-06T12:59:36","modified_gmt":"2025-08-06T15:59:36","slug":"uma-semana-para-guardar-no-coracao-6o-ano","status":"publish","type":"post","link":"https:\/\/redebeneditina.org.br\/ispx\/uma-semana-para-guardar-no-coracao-6o-ano\/","title":{"rendered":"Uma semana para guardar no cora\u00e7\u00e3o! &#8211; 6\u00ba ano"},"content":{"rendered":"<p>Em comemora\u00e7\u00e3o ao Dia dos Pais, promovemos uma oficina de rob\u00f3tica com as turmas do 6\u00ba A e 6\u00ba B, onde pais e filhos colocaram a m\u00e3o na massa juntos e constru\u00edram refletores.<\/p>\n<p>Mais do que aprender sobre tecnologia, o objetivo foi fortalecer v\u00ednculos \u2014 com di\u00e1logo, parceria e afeto. Cada parafuso apertado, cada fio conectado foi tamb\u00e9m um gesto de cuidado e presen\u00e7a.<\/p>\n<p>Ver pais e filhos trabalhando em equipe, rindo, aprendendo e se emocionando foi, sem d\u00favida, o verdadeiro brilho dessa atividade.&nbsp;<\/p>\n<p>Agradecemos a todos que participaram e tornaram esse momento t\u00e3o especial!<\/p>\nngg_shortcode_0_placeholder\n","protected":false},"excerpt":{"rendered":"<p>Em comemora\u00e7\u00e3o ao Dia dos Pais, promovemos uma oficina de rob\u00f3tica com as turmas do 6\u00ba A e 6\u00ba B, onde pais e filhos colocaram a m\u00e3o na massa juntos e constru\u00edram refletores. Mais do que aprender sobre tecnologia, o objetivo foi fortalecer v\u00ednculos \u2014 com di\u00e1logo, parceria e afeto. Cada parafuso apertado, cada fio&#8230;<\/p>\n","protected":false},"author":2,"featured_media":44184,"comment_status":"closed","ping_status":"closed","sticky":false,"template":"","format":"standard","meta":{"_monsterinsights_skip_tracking":false,"_monsterinsights_sitenote_active":false,"_monsterinsights_sitenote_note":"","_monsterinsights_sitenote_category":0,"ngg_post_thumbnail":0,"footnotes":""},"categories":[111,90,82],"tags":[],"class_list":["post-44144","post","type-post","status-publish","format-standard","has-post-thumbnail","hentry","category-noticia-piox-2025","category-ens-fund_ii","category-noticias"],"_links":{"self":[{"href":"https:\/\/redebeneditina.org.br\/ispx\/wp-json\/wp\/v2\/posts\/44144","targetHints":{"allow":["GET"]}}],"collection":[{"href":"https:\/\/redebeneditina.org.br\/ispx\/wp-json\/wp\/v2\/posts"}],"about":[{"href":"https:\/\/redebeneditina.org.br\/ispx\/wp-json\/wp\/v2\/types\/post"}],"author":[{"embeddable":true,"href":"https:\/\/redebeneditina.org.br\/ispx\/wp-json\/wp\/v2\/users\/2"}],"replies":[{"embeddable":true,"href":"https:\/\/redebeneditina.org.br\/ispx\/wp-json\/wp\/v2\/comments?post=44144"}],"version-history":[{"count":1,"href":"https:\/\/redebeneditina.org.br\/ispx\/wp-json\/wp\/v2\/posts\/44144\/revisions"}],"predecessor-version":[{"id":44185,"href":"https:\/\/redebeneditina.org.br\/ispx\/wp-json\/wp\/v2\/posts\/44144\/revisions\/44185"}],"wp:featuredmedia":[{"embeddable":true,"href":"https:\/\/redebeneditina.org.br\/ispx\/wp-json\/wp\/v2\/media\/44184"}],"wp:attachment":[{"href":"https:\/\/redebeneditina.org.br\/ispx\/wp-json\/wp\/v2\/media?parent=44144"}],"wp:term":[{"taxonomy":"category","embeddable":true,"href":"https:\/\/redebeneditina.org.br\/ispx\/wp-json\/wp\/v2\/categories?post=44144"},{"taxonomy":"post_tag","embeddable":true,"href":"https:\/\/redebeneditina.org.br\/ispx\/wp-json\/wp\/v2\/tags?post=44144"}],"curies":[{"name":"wp","href":"https:\/\/api.w.org\/{rel}","templated":true}]}}