{"id":46825,"date":"2025-09-02T10:17:05","date_gmt":"2025-09-02T13:17:05","guid":{"rendered":"https:\/\/redebeneditina.org.br\/ispx\/?p=46825"},"modified":"2025-09-03T15:11:35","modified_gmt":"2025-09-03T18:11:35","slug":"ispx-experience-06-09","status":"publish","type":"post","link":"https:\/\/redebeneditina.org.br\/ispx\/ispx-experience-06-09\/","title":{"rendered":"ISPX EXPERIENCE \u2013 06\/09"},"content":{"rendered":"<p>ISPX EXPERIENCE \u2013 Um convite especial para NOVOS ALUNOS DO 6\u00ba ANO AO ENSINO M\u00c9DIO!&nbsp;<\/p>\n<p>Voc\u00ea \u00e9 estudante do Ensino Fundamental II ou Ensino M\u00e9dio e est\u00e1 em busca de uma escola que une conhecimento, acolhimento e f\u00e9?<\/p>\n<p>Ent\u00e3o n\u00e3o perca o ISPX Experience, um evento preparado com carinho para que voc\u00ea conhe\u00e7a de perto o nosso jeito de ser!&nbsp;<\/p>\n<p>Ser\u00e1 um momento de intera\u00e7\u00e3o, aprendizado e muita descontra\u00e7\u00e3o!<\/p>\n<p>\ud83d\uddd3 Quando? 06 de setembro (S\u00e1bado)<br \/>\n\u23f0 Hor\u00e1rio: 14h \u00e0s 16h<br \/>\n\ud83d\udccd Local: Rua Madre Joana Zonca, 528 \u2013 Quita\u00fana, Osasco\/SP<\/p>\n<p>\ud83d\udd17 Vagas limitadas! Inscreva-se agora no link: <a href=\"https:\/\/forms.gle\/M52rwvm14vA8N6TR6\">https:\/\/forms.gle\/M52rwvm14vA8N6TR6<\/a><\/p>\n<p>\ud83d\udca1 Vem viver essa experi\u00eancia \u00fanica com a gente!<\/p>\n","protected":false},"excerpt":{"rendered":"<p>ISPX EXPERIENCE \u2013 Um convite especial para NOVOS ALUNOS DO 6\u00ba ANO AO ENSINO M\u00c9DIO!&nbsp; Voc\u00ea \u00e9 estudante do Ensino Fundamental II ou Ensino M\u00e9dio e est\u00e1 em busca de uma escola que une conhecimento, acolhimento e f\u00e9? Ent\u00e3o n\u00e3o perca o ISPX Experience, um evento preparado com carinho para que voc\u00ea conhe\u00e7a de perto&#8230;<\/p>\n","protected":false},"author":2,"featured_media":46826,"comment_status":"closed","ping_status":"closed","sticky":false,"template":"","format":"standard","meta":{"_monsterinsights_skip_tracking":false,"_monsterinsights_sitenote_active":false,"_monsterinsights_sitenote_note":"","_monsterinsights_sitenote_category":0,"ngg_post_thumbnail":0,"footnotes":""},"categories":[111,90,91,82],"tags":[],"class_list":["post-46825","post","type-post","status-publish","format-standard","has-post-thumbnail","hentry","category-noticia-piox-2025","category-ens-fund_ii","category-ens-medio","category-noticias"],"_links":{"self":[{"href":"https:\/\/redebeneditina.org.br\/ispx\/wp-json\/wp\/v2\/posts\/46825","targetHints":{"allow":["GET"]}}],"collection":[{"href":"https:\/\/redebeneditina.org.br\/ispx\/wp-json\/wp\/v2\/posts"}],"about":[{"href":"https:\/\/redebeneditina.org.br\/ispx\/wp-json\/wp\/v2\/types\/post"}],"author":[{"embeddable":true,"href":"https:\/\/redebeneditina.org.br\/ispx\/wp-json\/wp\/v2\/users\/2"}],"replies":[{"embeddable":true,"href":"https:\/\/redebeneditina.org.br\/ispx\/wp-json\/wp\/v2\/comments?post=46825"}],"version-history":[{"count":2,"href":"https:\/\/redebeneditina.org.br\/ispx\/wp-json\/wp\/v2\/posts\/46825\/revisions"}],"predecessor-version":[{"id":46942,"href":"https:\/\/redebeneditina.org.br\/ispx\/wp-json\/wp\/v2\/posts\/46825\/revisions\/46942"}],"wp:featuredmedia":[{"embeddable":true,"href":"https:\/\/redebeneditina.org.br\/ispx\/wp-json\/wp\/v2\/media\/46826"}],"wp:attachment":[{"href":"https:\/\/redebeneditina.org.br\/ispx\/wp-json\/wp\/v2\/media?parent=46825"}],"wp:term":[{"taxonomy":"category","embeddable":true,"href":"https:\/\/redebeneditina.org.br\/ispx\/wp-json\/wp\/v2\/categories?post=46825"},{"taxonomy":"post_tag","embeddable":true,"href":"https:\/\/redebeneditina.org.br\/ispx\/wp-json\/wp\/v2\/tags?post=46825"}],"curies":[{"name":"wp","href":"https:\/\/api.w.org\/{rel}","templated":true}]}}