{"id":46828,"date":"2025-09-02T10:23:49","date_gmt":"2025-09-02T13:23:49","guid":{"rendered":"https:\/\/redebeneditina.org.br\/ispx\/?p=46828"},"modified":"2025-09-02T10:23:49","modified_gmt":"2025-09-02T13:23:49","slug":"escola-aberta-06-09","status":"publish","type":"post","link":"https:\/\/redebeneditina.org.br\/ispx\/escola-aberta-06-09\/","title":{"rendered":"ESCOLA ABERTA &#8211; 06\/09"},"content":{"rendered":"<p>ESCOLA ABERTA &#8211; Estaremos abertos no s\u00e1bado, 06 de Setembro, das 13h \u00e0s 17h30min!<\/p>\n<p>Esperamos por voc\u00ea para:<\/p>\n<p>\u2705 Matr\u00edculas e Rematr\u00edculas<br \/>\n\u2705 Atendimento Financeiro<br \/>\n\u2705 Servi\u00e7os de Secretaria<br \/>\n\u2705 Visita\u00e7\u00e3o \u00e0 escola<\/p>\n<p>Venha conhecer nosso jeito de ser! \u2764\ufe0f\ud83d\udc99<\/p>\n","protected":false},"excerpt":{"rendered":"<p>ESCOLA ABERTA &#8211; Estaremos abertos no s\u00e1bado, 06 de Setembro, das 13h \u00e0s 17h30min! Esperamos por voc\u00ea para: \u2705 Matr\u00edculas e Rematr\u00edculas \u2705 Atendimento Financeiro \u2705 Servi\u00e7os de Secretaria \u2705 Visita\u00e7\u00e3o \u00e0 escola Venha conhecer nosso jeito de ser! \u2764\ufe0f\ud83d\udc99<\/p>\n","protected":false},"author":2,"featured_media":46829,"comment_status":"closed","ping_status":"closed","sticky":false,"template":"","format":"standard","meta":{"_monsterinsights_skip_tracking":false,"_monsterinsights_sitenote_active":false,"_monsterinsights_sitenote_note":"","_monsterinsights_sitenote_category":0,"ngg_post_thumbnail":0,"footnotes":""},"categories":[111,92,88,89,90,91,82],"tags":[],"class_list":["post-46828","post","type-post","status-publish","format-standard","has-post-thumbnail","hentry","category-noticia-piox-2025","category-contraturno","category-ed-infantil","category-ens-fund_i","category-ens-fund_ii","category-ens-medio","category-noticias"],"_links":{"self":[{"href":"https:\/\/redebeneditina.org.br\/ispx\/wp-json\/wp\/v2\/posts\/46828","targetHints":{"allow":["GET"]}}],"collection":[{"href":"https:\/\/redebeneditina.org.br\/ispx\/wp-json\/wp\/v2\/posts"}],"about":[{"href":"https:\/\/redebeneditina.org.br\/ispx\/wp-json\/wp\/v2\/types\/post"}],"author":[{"embeddable":true,"href":"https:\/\/redebeneditina.org.br\/ispx\/wp-json\/wp\/v2\/users\/2"}],"replies":[{"embeddable":true,"href":"https:\/\/redebeneditina.org.br\/ispx\/wp-json\/wp\/v2\/comments?post=46828"}],"version-history":[{"count":1,"href":"https:\/\/redebeneditina.org.br\/ispx\/wp-json\/wp\/v2\/posts\/46828\/revisions"}],"predecessor-version":[{"id":46830,"href":"https:\/\/redebeneditina.org.br\/ispx\/wp-json\/wp\/v2\/posts\/46828\/revisions\/46830"}],"wp:featuredmedia":[{"embeddable":true,"href":"https:\/\/redebeneditina.org.br\/ispx\/wp-json\/wp\/v2\/media\/46829"}],"wp:attachment":[{"href":"https:\/\/redebeneditina.org.br\/ispx\/wp-json\/wp\/v2\/media?parent=46828"}],"wp:term":[{"taxonomy":"category","embeddable":true,"href":"https:\/\/redebeneditina.org.br\/ispx\/wp-json\/wp\/v2\/categories?post=46828"},{"taxonomy":"post_tag","embeddable":true,"href":"https:\/\/redebeneditina.org.br\/ispx\/wp-json\/wp\/v2\/tags?post=46828"}],"curies":[{"name":"wp","href":"https:\/\/api.w.org\/{rel}","templated":true}]}}