{"id":48248,"date":"2025-10-07T09:39:33","date_gmt":"2025-10-07T12:39:33","guid":{"rendered":"https:\/\/redebeneditina.org.br\/ispx\/?p=48248"},"modified":"2025-10-07T09:39:33","modified_gmt":"2025-10-07T12:39:33","slug":"alunos-tutores-vivenciam-desafios-e-experiencias-tecnologicas-na-inicie","status":"publish","type":"post","link":"https:\/\/redebeneditina.org.br\/ispx\/alunos-tutores-vivenciam-desafios-e-experiencias-tecnologicas-na-inicie\/","title":{"rendered":"Alunos Tutores Vivenciam Desafios e Experi\u00eancias Tecnol\u00f3gicas na Inicie"},"content":{"rendered":"<p>Os Alunos do projeto Aluno Tutor participaram de um momento de muita experi\u00eancia tecnol\u00f3gica e desafios na Inicie.<\/p>\nngg_shortcode_0_placeholder\n","protected":false},"excerpt":{"rendered":"<p>Os Alunos do projeto Aluno Tutor participaram de um momento de muita experi\u00eancia tecnol\u00f3gica e desafios na Inicie. &nbsp;<\/p>\n","protected":false},"author":2,"featured_media":48261,"comment_status":"closed","ping_status":"closed","sticky":false,"template":"","format":"standard","meta":{"_monsterinsights_skip_tracking":false,"_monsterinsights_sitenote_active":false,"_monsterinsights_sitenote_note":"","_monsterinsights_sitenote_category":0,"ngg_post_thumbnail":0,"footnotes":""},"categories":[111,90,82],"tags":[],"class_list":["post-48248","post","type-post","status-publish","format-standard","has-post-thumbnail","hentry","category-noticia-piox-2025","category-ens-fund_ii","category-noticias"],"_links":{"self":[{"href":"https:\/\/redebeneditina.org.br\/ispx\/wp-json\/wp\/v2\/posts\/48248","targetHints":{"allow":["GET"]}}],"collection":[{"href":"https:\/\/redebeneditina.org.br\/ispx\/wp-json\/wp\/v2\/posts"}],"about":[{"href":"https:\/\/redebeneditina.org.br\/ispx\/wp-json\/wp\/v2\/types\/post"}],"author":[{"embeddable":true,"href":"https:\/\/redebeneditina.org.br\/ispx\/wp-json\/wp\/v2\/users\/2"}],"replies":[{"embeddable":true,"href":"https:\/\/redebeneditina.org.br\/ispx\/wp-json\/wp\/v2\/comments?post=48248"}],"version-history":[{"count":1,"href":"https:\/\/redebeneditina.org.br\/ispx\/wp-json\/wp\/v2\/posts\/48248\/revisions"}],"predecessor-version":[{"id":48262,"href":"https:\/\/redebeneditina.org.br\/ispx\/wp-json\/wp\/v2\/posts\/48248\/revisions\/48262"}],"wp:featuredmedia":[{"embeddable":true,"href":"https:\/\/redebeneditina.org.br\/ispx\/wp-json\/wp\/v2\/media\/48261"}],"wp:attachment":[{"href":"https:\/\/redebeneditina.org.br\/ispx\/wp-json\/wp\/v2\/media?parent=48248"}],"wp:term":[{"taxonomy":"category","embeddable":true,"href":"https:\/\/redebeneditina.org.br\/ispx\/wp-json\/wp\/v2\/categories?post=48248"},{"taxonomy":"post_tag","embeddable":true,"href":"https:\/\/redebeneditina.org.br\/ispx\/wp-json\/wp\/v2\/tags?post=48248"}],"curies":[{"name":"wp","href":"https:\/\/api.w.org\/{rel}","templated":true}]}}