{"id":52531,"date":"2026-01-21T12:06:29","date_gmt":"2026-01-21T15:06:29","guid":{"rendered":"https:\/\/redebeneditina.org.br\/ispx\/?p=52531"},"modified":"2026-01-21T12:06:29","modified_gmt":"2026-01-21T15:06:29","slug":"volta-as-aulas-2026","status":"publish","type":"post","link":"https:\/\/redebeneditina.org.br\/ispx\/volta-as-aulas-2026\/","title":{"rendered":"Volta \u00e0s Aulas 2026"},"content":{"rendered":"<p>\ud83d\udcda\u2728 Sejam todos bem-vindos! \u2728\ud83d\udcda<\/p>\n<p>Pais e alunos, informamos que as aulas retornam no dia 22 de janeiro para todos os segmentos, da Educa\u00e7\u00e3o Infantil ao Ensino M\u00e9dio.<\/p>\n<p>Que seja um ano de muito aprendizado, crescimento e conquistas! \ud83d\udc99\u270f\ufe0f<\/p>\n","protected":false},"excerpt":{"rendered":"<p>\ud83d\udcda\u2728 Sejam todos bem-vindos! \u2728\ud83d\udcda Pais e alunos, informamos que as aulas retornam no dia 22 de janeiro para todos os segmentos, da Educa\u00e7\u00e3o Infantil ao Ensino M\u00e9dio. Que seja um ano de muito aprendizado, crescimento e conquistas! \ud83d\udc99\u270f\ufe0f<\/p>\n","protected":false},"author":2,"featured_media":52532,"comment_status":"closed","ping_status":"closed","sticky":false,"template":"","format":"standard","meta":{"_monsterinsights_skip_tracking":false,"_monsterinsights_sitenote_active":false,"_monsterinsights_sitenote_note":"","_monsterinsights_sitenote_category":0,"ngg_post_thumbnail":0,"footnotes":""},"categories":[114,92,88,89,90,91,82],"tags":[],"class_list":["post-52531","post","type-post","status-publish","format-standard","has-post-thumbnail","hentry","category-noticias-ano2026","category-contraturno","category-ed-infantil","category-ens-fund_i","category-ens-fund_ii","category-ens-medio","category-noticias"],"_links":{"self":[{"href":"https:\/\/redebeneditina.org.br\/ispx\/wp-json\/wp\/v2\/posts\/52531","targetHints":{"allow":["GET"]}}],"collection":[{"href":"https:\/\/redebeneditina.org.br\/ispx\/wp-json\/wp\/v2\/posts"}],"about":[{"href":"https:\/\/redebeneditina.org.br\/ispx\/wp-json\/wp\/v2\/types\/post"}],"author":[{"embeddable":true,"href":"https:\/\/redebeneditina.org.br\/ispx\/wp-json\/wp\/v2\/users\/2"}],"replies":[{"embeddable":true,"href":"https:\/\/redebeneditina.org.br\/ispx\/wp-json\/wp\/v2\/comments?post=52531"}],"version-history":[{"count":1,"href":"https:\/\/redebeneditina.org.br\/ispx\/wp-json\/wp\/v2\/posts\/52531\/revisions"}],"predecessor-version":[{"id":52533,"href":"https:\/\/redebeneditina.org.br\/ispx\/wp-json\/wp\/v2\/posts\/52531\/revisions\/52533"}],"wp:featuredmedia":[{"embeddable":true,"href":"https:\/\/redebeneditina.org.br\/ispx\/wp-json\/wp\/v2\/media\/52532"}],"wp:attachment":[{"href":"https:\/\/redebeneditina.org.br\/ispx\/wp-json\/wp\/v2\/media?parent=52531"}],"wp:term":[{"taxonomy":"category","embeddable":true,"href":"https:\/\/redebeneditina.org.br\/ispx\/wp-json\/wp\/v2\/categories?post=52531"},{"taxonomy":"post_tag","embeddable":true,"href":"https:\/\/redebeneditina.org.br\/ispx\/wp-json\/wp\/v2\/tags?post=52531"}],"curies":[{"name":"wp","href":"https:\/\/api.w.org\/{rel}","templated":true}]}}