{"id":52549,"date":"2026-01-20T13:46:51","date_gmt":"2026-01-20T16:46:51","guid":{"rendered":"https:\/\/redebeneditina.org.br\/ispx\/?p=52549"},"modified":"2026-01-21T13:48:44","modified_gmt":"2026-01-21T16:48:44","slug":"um-novo-capitulo-na-educacao-comeca-em-santana-de-parnaiba","status":"publish","type":"post","link":"https:\/\/redebeneditina.org.br\/ispx\/um-novo-capitulo-na-educacao-comeca-em-santana-de-parnaiba\/","title":{"rendered":"Um novo cap\u00edtulo na educa\u00e7\u00e3o come\u00e7a em Santana de Parna\u00edba!"},"content":{"rendered":"<p>N\u00f3s, Irm\u00e3s Beneditinas da Divina Provid\u00eancia, administradoras da ABEAS \u2013 Rede Beneditina, convidamos voc\u00ea e sua fam\u00edlia para a <strong>inaugura\u00e7\u00e3o do Col\u00e9gio S\u00e3o Bento<\/strong>.<\/p>\n<p><strong>\ud83d\udcc5 31 de janeiro<\/strong><br \/>\n<strong>\u23f0 10h<\/strong><br \/>\n<strong>\ud83d\udccd Igreja Matriz de Santa Ana<\/strong><\/p>\n<p>Celebraremos a Santa Missa, presidida por Dom Arnaldo Cavalheiros, Bispo da Diocese de Jundia\u00ed, \u00e0 qual passamos a pertencer como miss\u00e3o educativa.<\/p>\n<p>Ap\u00f3s a Missa, acontecer\u00e1:<\/p>\n<p>\ud83d\ude4f A entroniza\u00e7\u00e3o do Sant\u00edssimo Sacramento na capela do Col\u00e9gio.<br \/>\n\ud83d\udd4a\ufe0f A b\u00ean\u00e7\u00e3o da imagem de S\u00e3o Bento, nosso padroeiro.<br \/>\n\ud83c\udfeb A b\u00ean\u00e7\u00e3o da escola.<\/p>\n<p>\ud83d\udc9b Sua presen\u00e7a \u00e9 muito importante!<\/p>\n<p>Venha participar conosco desta grande a\u00e7\u00e3o da Provid\u00eancia.<\/p>\n","protected":false},"excerpt":{"rendered":"<p>N\u00f3s, Irm\u00e3s Beneditinas da Divina Provid\u00eancia, administradoras da ABEAS \u2013 Rede Beneditina, convidamos voc\u00ea e sua fam\u00edlia para a inaugura\u00e7\u00e3o do Col\u00e9gio S\u00e3o Bento. \ud83d\udcc5 31 de janeiro \u23f0 10h \ud83d\udccd Igreja Matriz de Santa Ana Celebraremos a Santa Missa, presidida por Dom Arnaldo Cavalheiros, Bispo da Diocese de Jundia\u00ed, \u00e0 qual passamos a pertencer&#8230;<\/p>\n","protected":false},"author":2,"featured_media":52550,"comment_status":"closed","ping_status":"closed","sticky":false,"template":"","format":"standard","meta":{"_monsterinsights_skip_tracking":false,"_monsterinsights_sitenote_active":false,"_monsterinsights_sitenote_note":"","_monsterinsights_sitenote_category":0,"ngg_post_thumbnail":0,"footnotes":""},"categories":[114,88,89,82,96],"tags":[],"class_list":["post-52549","post","type-post","status-publish","format-standard","has-post-thumbnail","hentry","category-noticias-ano2026","category-ed-infantil","category-ens-fund_i","category-noticias","category-pastoral-escolar"],"_links":{"self":[{"href":"https:\/\/redebeneditina.org.br\/ispx\/wp-json\/wp\/v2\/posts\/52549","targetHints":{"allow":["GET"]}}],"collection":[{"href":"https:\/\/redebeneditina.org.br\/ispx\/wp-json\/wp\/v2\/posts"}],"about":[{"href":"https:\/\/redebeneditina.org.br\/ispx\/wp-json\/wp\/v2\/types\/post"}],"author":[{"embeddable":true,"href":"https:\/\/redebeneditina.org.br\/ispx\/wp-json\/wp\/v2\/users\/2"}],"replies":[{"embeddable":true,"href":"https:\/\/redebeneditina.org.br\/ispx\/wp-json\/wp\/v2\/comments?post=52549"}],"version-history":[{"count":1,"href":"https:\/\/redebeneditina.org.br\/ispx\/wp-json\/wp\/v2\/posts\/52549\/revisions"}],"predecessor-version":[{"id":52551,"href":"https:\/\/redebeneditina.org.br\/ispx\/wp-json\/wp\/v2\/posts\/52549\/revisions\/52551"}],"wp:featuredmedia":[{"embeddable":true,"href":"https:\/\/redebeneditina.org.br\/ispx\/wp-json\/wp\/v2\/media\/52550"}],"wp:attachment":[{"href":"https:\/\/redebeneditina.org.br\/ispx\/wp-json\/wp\/v2\/media?parent=52549"}],"wp:term":[{"taxonomy":"category","embeddable":true,"href":"https:\/\/redebeneditina.org.br\/ispx\/wp-json\/wp\/v2\/categories?post=52549"},{"taxonomy":"post_tag","embeddable":true,"href":"https:\/\/redebeneditina.org.br\/ispx\/wp-json\/wp\/v2\/tags?post=52549"}],"curies":[{"name":"wp","href":"https:\/\/api.w.org\/{rel}","templated":true}]}}