{"id":52552,"date":"2026-01-21T14:45:57","date_gmt":"2026-01-21T17:45:57","guid":{"rendered":"https:\/\/redebeneditina.org.br\/ispx\/?p=52552"},"modified":"2026-01-21T14:49:00","modified_gmt":"2026-01-21T17:49:00","slug":"matriculas-abertas-2026-do-instituto-sao-pio-x-osasco","status":"publish","type":"post","link":"https:\/\/redebeneditina.org.br\/ispx\/matriculas-abertas-2026-do-instituto-sao-pio-x-osasco\/","title":{"rendered":"Matr\u00edculas Abertas 2026 do Instituto S\u00e3o Pio X &#8211; Osasco"},"content":{"rendered":"<p>O Instituto S\u00e3o Pio X forma alunos preparados para a vida, com uma educa\u00e7\u00e3o humanista e crist\u00e3, aliada \u00e0 excel\u00eancia acad\u00eamica, da Educa\u00e7\u00e3o Infantil ao Ensino M\u00e9dio.<\/p>\n<p>Nossos diferenciais:<br \/>\n\ud83d\udcda Corpo docente qualificado \u2013 professores p\u00f3s-graduados, especialistas e mestres.<br \/>\n\ud83c\udf93 Ensino forte \u2013 educa\u00e7\u00e3o s\u00f3lida, com foco no desenvolvimento acad\u00eamico e pessoal.<br \/>\n\ud83c\udf0d Ingl\u00eas com certifica\u00e7\u00e3o Cambridge \u2013 preparo para o dom\u00ednio do idioma em n\u00edvel internacional.<br \/>\n\ud83c\udfc5 Esporte e disciplina \u2013 incentivo \u00e0 pr\u00e1tica esportiva e ao desenvolvimento f\u00edsico.<\/p>\n<p>Aqui, cada aluno \u00e9 protagonista da sua pr\u00f3pria jornada, desenvolvendo criatividade, valores humanos e compromisso com o bem comum. \ud83d\udc99<\/p>\n<p>\ud83d\udcf2 Agende uma visita e venha fazer parte do nosso jeito de ser!<\/p>\n<p>\ud83d\udcde (11) 3695 8200<br \/>\n\ud83d\udcf1 WhatsApp: (11) 97601 0591<br \/>\n\ud83d\udce7 recepcao1.piox@redebeneditina.com.br<br \/>\n\ud83c\udf10 redebeneditina.org.br\/ispx<br \/>\n\ud83d\udccd Rua Madre Joana Zonca, 528 \u2013 Quita\u00fana \u2013 Osasco<\/p>\nngg_shortcode_0_placeholder\n","protected":false},"excerpt":{"rendered":"<p>O Instituto S\u00e3o Pio X forma alunos preparados para a vida, com uma educa\u00e7\u00e3o humanista e crist\u00e3, aliada \u00e0 excel\u00eancia acad\u00eamica, da Educa\u00e7\u00e3o Infantil ao Ensino M\u00e9dio. Nossos diferenciais: \ud83d\udcda Corpo docente qualificado \u2013 professores p\u00f3s-graduados, especialistas e mestres. \ud83c\udf93 Ensino forte \u2013 educa\u00e7\u00e3o s\u00f3lida, com foco no desenvolvimento acad\u00eamico e pessoal. \ud83c\udf0d Ingl\u00eas com&#8230;<\/p>\n","protected":false},"author":2,"featured_media":52562,"comment_status":"closed","ping_status":"closed","sticky":false,"template":"","format":"standard","meta":{"_monsterinsights_skip_tracking":false,"_monsterinsights_sitenote_active":false,"_monsterinsights_sitenote_note":"","_monsterinsights_sitenote_category":0,"ngg_post_thumbnail":0,"footnotes":""},"categories":[114,92,88,89,90,91,82],"tags":[],"class_list":["post-52552","post","type-post","status-publish","format-standard","has-post-thumbnail","hentry","category-noticias-ano2026","category-contraturno","category-ed-infantil","category-ens-fund_i","category-ens-fund_ii","category-ens-medio","category-noticias"],"_links":{"self":[{"href":"https:\/\/redebeneditina.org.br\/ispx\/wp-json\/wp\/v2\/posts\/52552","targetHints":{"allow":["GET"]}}],"collection":[{"href":"https:\/\/redebeneditina.org.br\/ispx\/wp-json\/wp\/v2\/posts"}],"about":[{"href":"https:\/\/redebeneditina.org.br\/ispx\/wp-json\/wp\/v2\/types\/post"}],"author":[{"embeddable":true,"href":"https:\/\/redebeneditina.org.br\/ispx\/wp-json\/wp\/v2\/users\/2"}],"replies":[{"embeddable":true,"href":"https:\/\/redebeneditina.org.br\/ispx\/wp-json\/wp\/v2\/comments?post=52552"}],"version-history":[{"count":3,"href":"https:\/\/redebeneditina.org.br\/ispx\/wp-json\/wp\/v2\/posts\/52552\/revisions"}],"predecessor-version":[{"id":52565,"href":"https:\/\/redebeneditina.org.br\/ispx\/wp-json\/wp\/v2\/posts\/52552\/revisions\/52565"}],"wp:featuredmedia":[{"embeddable":true,"href":"https:\/\/redebeneditina.org.br\/ispx\/wp-json\/wp\/v2\/media\/52562"}],"wp:attachment":[{"href":"https:\/\/redebeneditina.org.br\/ispx\/wp-json\/wp\/v2\/media?parent=52552"}],"wp:term":[{"taxonomy":"category","embeddable":true,"href":"https:\/\/redebeneditina.org.br\/ispx\/wp-json\/wp\/v2\/categories?post=52552"},{"taxonomy":"post_tag","embeddable":true,"href":"https:\/\/redebeneditina.org.br\/ispx\/wp-json\/wp\/v2\/tags?post=52552"}],"curies":[{"name":"wp","href":"https:\/\/api.w.org\/{rel}","templated":true}]}}